{"id":6346,"date":"2015-02-17T12:00:12","date_gmt":"2015-02-17T10:00:12","guid":{"rendered":"http:\/\/www.fambrenner.de\/Kaffeebohne\/wordpress\/?p=6346"},"modified":"2015-02-10T21:02:07","modified_gmt":"2015-02-10T19:02:07","slug":"avocadocremesuppe-mit-krabben","status":"publish","type":"post","link":"https:\/\/www.fambrenner.de\/Kaffeebohne\/wordpress\/2015\/02\/17\/avocadocremesuppe-mit-krabben\/","title":{"rendered":"Avocadocremesuppe mit Krabben"},"content":{"rendered":"<p>Seit einigen Jahren arbeite ich mit <a href=\"http:\/\/www.casablitzblanca.de\/\">Casablitzblanca<\/a> und da war eine der Tagesaufgaben Anfang Januar, das Kochbuchregal zu reinigen und auszumisten. Leider wissen die da gar nicht, wie gro\u00df mein Regal ist. Ich habe tapfer alles runterger\u00e4umt, durchgeschaut, gestaubt und wieder einger\u00e4umt. Da sind wieder einige Kochb\u00fccher wieder aufgetaucht. Ein paar habe ich ausgemustert und weiterverschenkt. <\/p>\n<p>Beim Durchbl\u00e4ttern des ESGE-Kochbuches, das ich mit dem Zauberstab zur Hochzeit bekommen habe, ist mir die Avocadocremesuppe mit Krabben aufgefallen. Das passte sehr gut zu den Avocados, die ich noch zuhause hatte.<\/p>\n<div style=\" background:#fff; padding:0.5em; cursor:text; \">\n<!-- Tabelle f\u00fcr Rezeptkopf --><\/p>\n<table style=\"width:100%\" border=\"0\" cellspacing=\"0\" cellpadding=\"0\">\n<colgroup>\n<col width=\"160\"><\/col>\n<col><\/col>\n<\/colgroup>\n<tr valign=\"top\">\n<td style=\"height:2em\">==========<\/td>\n<td>REZKONV-Rezept &#8211; RezkonvSuite v1.4<\/td>\n<\/tr>\n<tr>\n<td style=\"color:#fff\">Titel:<\/td>\n<td style=\"color:#8B4513; font-size:140%; font-weight:bold\">Avocadocremesuppe mit Krabben<\/td>\n<\/tr>\n<tr>\n<td style=\"color:#fff\">Kategorien:<\/td>\n<td>Suppe, Meeresfr&uuml;chte, Avocado<\/td>\n<\/tr>\n<tr>\n<td style=\"color:#fff\">Menge:<\/td>\n<td>4 Portionen<\/td>\n<\/tr>\n<\/table>\n<p><!-- Ende Rezeptkopf --><\/p>\n<p style=\"margin:1.0em 0; text-align:center\"><img decoding=\"async\" src=\"http:\/\/www.fambrenner.de\/Fotoblog\/Avocadocremesuppe mit Krabben.jpg\"\/><\/p>\n<h3 style=\"margin-top:0.8em; margin-bottom:0.2em; color:#8B4513; font-size:110%; font-weight:bold\">Zutaten<\/h3>\n<table style=\"width:100%\" border=\"0\" cellspacing=\"0\" cellpadding=\"0\">\n<colgroup>\n<col width=\"60\"><\/col>\n<col width=\"92\"><\/col>\n<col width=\"8\"><\/col>\n<col><\/col>\n<\/colgroup>\n<tr>\n<td colspan=\"3\" style=\"color:#fff\">H<\/td>\n<td style=\"color:#000; font-size:100%; font-weight:bold\">SUPPE<\/td>\n<\/tr>\n<tr valign=\"top\">\n<td align=\"right\">2<\/td>\n<td>&nbsp;<\/td>\n<td>&nbsp;<\/td>\n<td>Avocados, reif<\/td>\n<\/tr>\n<tr valign=\"top\">\n<td align=\"right\">3\/4<\/td>\n<td align=\"right\">Ltr.<\/td>\n<td>&nbsp;<\/td>\n<td>H&uuml;hnerbr&uuml;he<\/td>\n<\/tr>\n<tr valign=\"top\">\n<td align=\"right\">100<\/td>\n<td align=\"right\">Gramm<\/td>\n<td>&nbsp;<\/td>\n<td>S&uuml;&szlig;e Sahne<\/td>\n<\/tr>\n<tr valign=\"top\">\n<td align=\"right\">100<\/td>\n<td align=\"right\">Gramm<\/td>\n<td>&nbsp;<\/td>\n<td>Creme fraiche<\/td>\n<\/tr>\n<tr valign=\"top\">\n<td align=\"right\">1<\/td>\n<td align=\"right\">Essl.<\/td>\n<td>&nbsp;<\/td>\n<td>Walnu&szlig;&ouml;l<\/td>\n<\/tr>\n<tr valign=\"top\">\n<td align=\"right\">1<\/td>\n<td align=\"right\">Essl.<\/td>\n<td>&nbsp;<\/td>\n<td>Zitronensaft<\/td>\n<\/tr>\n<tr valign=\"top\">\n<td>&nbsp;<\/td>\n<td>&nbsp;<\/td>\n<td>&nbsp;<\/td>\n<td>Salz<\/td>\n<\/tr>\n<tr valign=\"top\">\n<td>&nbsp;<\/td>\n<td>&nbsp;<\/td>\n<td>&nbsp;<\/td>\n<td>Pfeffer a.d.M<\/td>\n<\/tr>\n<tr valign=\"top\">\n<td>&nbsp;<\/td>\n<td>&nbsp;<\/td>\n<td>&nbsp;<\/td>\n<td>Geriebene Muskatnuss<\/td>\n<\/tr>\n<tr valign=\"top\">\n<td align=\"right\">150<\/td>\n<td align=\"right\">Gramm<\/td>\n<td>&nbsp;<\/td>\n<td>Nordseekrabben<\/td>\n<\/tr>\n<tr style=\"height:1.9em; vertical-align:bottom;\">\n<td colspan=\"3\" style=\"color:#fff\">H<\/td>\n<td style=\"color:#000; font-size:100%; font-weight:bold\">GARNITUR<\/td>\n<\/tr>\n<tr valign=\"top\">\n<td align=\"right\">4<\/td>\n<td align=\"right\">Essl.<\/td>\n<td>&nbsp;<\/td>\n<td>Geschlagene s&uuml;&szlig;e Sahne<\/td>\n<\/tr>\n<tr valign=\"top\">\n<td align=\"right\">4<\/td>\n<td align=\"right\">Essl.<\/td>\n<td>&nbsp;<\/td>\n<td>Gehackten Dill<\/td>\n<\/tr>\n<\/table>\n<h3 style=\"margin-top:0.8em; margin-bottom:0.2em; color:#8B4513; font-size:110%; font-weight:bold\">Quelle<\/h3>\n<table style=\"width:100%\" border=\"0\" cellspacing=\"0\" cellpadding=\"0\">\n<colgroup>\n<col width=\"100\"><\/col>\n<col><\/col>\n<\/colgroup>\n<tr>\n<td>&nbsp;<\/td>\n<td>Das gro&szlig;e ESGE-Zauberstab-Kochbuch<\/td>\n<\/tr>\n<tr>\n<td>&nbsp;<\/td>\n<td>Seite 32<\/td>\n<\/tr>\n<\/table>\n<table style=\"width:100%\" border=\"0\" cellspacing=\"0\" cellpadding=\"0\">\n<colgroup>\n<col width=\"160\"><\/col>\n<col><\/col>\n<\/colgroup>\n<tr>\n<td>&nbsp;<\/td>\n<td>Erfasst *RK* 22.01.2015 von<\/td>\n<\/tr>\n<tr>\n<td>&nbsp;<\/td>\n<td>Katja Brenner<\/td>\n<\/tr>\n<\/table>\n<h3 style=\"margin-top:0.8em; margin-bottom:0.2em; color:#8B4513; font-size:110%; font-weight:bold\">Zubereitung<\/h3>\n<p>1. Die Avocados halbieren, entkernen, sch&auml;len und grob zerkleinern. Die H&uuml;hnerbr&uuml;he in einem gro&szlig;en Topf zum Kochen bringen und von der Kochstelle nehmen.<\/p>\n<p>2. Die Avocados mit der Sahne, der Creme fraiche und dem Walnuss&ouml;l dazugeben und alles mit dem Multimesser passieren. Das Ganze mit Zitronensaft, Salz, Pfeffer und Muskat abschmecken und nochmals erw&auml;rmen, aber auf keinen Fall zum Kochen bringen.<\/p>\n<p>3. Suppentassen anw&auml;rmen, in diesen die Krabben verteilen und die Suppe dar&uuml;ber gie&szlig;en. Das Ganze kurz vor dem Servieren mit jeweils 1 EL geschlagener Sahne und etwas Dill dekorieren.<\/p>\n<p>=====<\/p>\n<\/div>\n","protected":false},"excerpt":{"rendered":"<p>Seit einigen Jahren arbeite ich mit Casablitzblanca und da war eine der Tagesaufgaben Anfang Januar, das Kochbuchregal zu reinigen und auszumisten. Leider wissen die da gar nicht, wie gro\u00df mein Regal ist. Ich habe tapfer alles runterger\u00e4umt, durchgeschaut, gestaubt und wieder einger\u00e4umt. Da sind wieder einige Kochb\u00fccher wieder aufgetaucht. Ein paar habe ich ausgemustert und &hellip; <\/p>\n<p class=\"link-more\"><a href=\"https:\/\/www.fambrenner.de\/Kaffeebohne\/wordpress\/2015\/02\/17\/avocadocremesuppe-mit-krabben\/\" class=\"more-link\"><span class=\"screen-reader-text\">\u201eAvocadocremesuppe mit Krabben\u201c<\/span> weiterlesen<\/a><\/p>\n","protected":false},"author":1,"featured_media":0,"comment_status":"open","ping_status":"open","sticky":false,"template":"","format":"standard","meta":{"_jetpack_memberships_contains_paid_content":false,"footnotes":""},"categories":[17],"tags":[384,279,204],"jetpack_sharing_enabled":true,"jetpack_featured_media_url":"","_links":{"self":[{"href":"https:\/\/www.fambrenner.de\/Kaffeebohne\/wordpress\/wp-json\/wp\/v2\/posts\/6346"}],"collection":[{"href":"https:\/\/www.fambrenner.de\/Kaffeebohne\/wordpress\/wp-json\/wp\/v2\/posts"}],"about":[{"href":"https:\/\/www.fambrenner.de\/Kaffeebohne\/wordpress\/wp-json\/wp\/v2\/types\/post"}],"author":[{"embeddable":true,"href":"https:\/\/www.fambrenner.de\/Kaffeebohne\/wordpress\/wp-json\/wp\/v2\/users\/1"}],"replies":[{"embeddable":true,"href":"https:\/\/www.fambrenner.de\/Kaffeebohne\/wordpress\/wp-json\/wp\/v2\/comments?post=6346"}],"version-history":[{"count":2,"href":"https:\/\/www.fambrenner.de\/Kaffeebohne\/wordpress\/wp-json\/wp\/v2\/posts\/6346\/revisions"}],"predecessor-version":[{"id":6348,"href":"https:\/\/www.fambrenner.de\/Kaffeebohne\/wordpress\/wp-json\/wp\/v2\/posts\/6346\/revisions\/6348"}],"wp:attachment":[{"href":"https:\/\/www.fambrenner.de\/Kaffeebohne\/wordpress\/wp-json\/wp\/v2\/media?parent=6346"}],"wp:term":[{"taxonomy":"category","embeddable":true,"href":"https:\/\/www.fambrenner.de\/Kaffeebohne\/wordpress\/wp-json\/wp\/v2\/categories?post=6346"},{"taxonomy":"post_tag","embeddable":true,"href":"https:\/\/www.fambrenner.de\/Kaffeebohne\/wordpress\/wp-json\/wp\/v2\/tags?post=6346"}],"curies":[{"name":"wp","href":"https:\/\/api.w.org\/{rel}","templated":true}]}}