{"id":4508,"date":"2013-02-23T12:00:49","date_gmt":"2013-02-23T11:00:49","guid":{"rendered":"http:\/\/www.fambrenner.de\/Kaffeebohne\/wordpress\/?p=4508"},"modified":"2013-05-21T16:44:51","modified_gmt":"2013-05-21T14:44:51","slug":"schinken-broccoli-pasta","status":"publish","type":"post","link":"https:\/\/www.fambrenner.de\/Kaffeebohne\/wordpress\/2013\/02\/23\/schinken-broccoli-pasta\/","title":{"rendered":"Schinken-Broccoli-Pasta"},"content":{"rendered":"<p>Dieses Gericht stammt aus &#8218;Jamie &#8211; mehr Leben in der K\u00fcche&#8216;. Im Heft wird die Zubereitung eines Weihnachtsschinkens erkl\u00e4rt und die Schinken-Broccoli-Pasta ist dann das dazugeh\u00f6rige Resteessen.<\/p>\n<p>Ich habe mangels Weihnachtsschinken Schinkenw\u00fcrfel genommen.<\/p>\n<div style=\" background:#fff; padding:0.5em; cursor:text; \">\n<!-- Tabelle f\u00c3\u00bcr Rezeptkopf --><\/p>\n<table style=\"width:100%\" border=\"0\" cellspacing=\"0\" cellpadding=\"0\">\n<colgroup>\n<col width=\"160\"><\/col>\n<col><\/col>\n<\/colgroup>\n<tr valign=\"top\">\n<td style=\"height:2em\">==========<\/td>\n<td>REZKONV-Rezept &#8211; RezkonvSuite v1.4<\/td>\n<\/tr>\n<tr>\n<td style=\"color:#fff\">Titel:<\/td>\n<td style=\"color:#8B4513; font-size:140%; font-weight:bold\">Schinken-Broccoli-Pasta<\/td>\n<\/tr>\n<tr>\n<td style=\"color:#fff\">Kategorien:<\/td>\n<td>Nudeln, Brokkoli<\/td>\n<\/tr>\n<tr>\n<td style=\"color:#fff\">Menge:<\/td>\n<td>4 Portionen<\/td>\n<\/tr>\n<\/table>\n<p><!-- Ende Rezeptkopf --><\/p>\n<p style=\"margin:1.0em 0; text-align:center\"><img decoding=\"async\" src=\"http:\/\/www.fambrenner.de\/Fotoblog\/Schinken-Broccoli-Pasta.jpg\"\/><\/p>\n<h3 style=\"margin-top:0.8em; margin-bottom:0.2em; color:#8B4513; font-size:110%; font-weight:bold\">Zutaten<\/h3>\n<table style=\"width:100%\" border=\"0\" cellspacing=\"0\" cellpadding=\"0\">\n<colgroup>\n<col width=\"60\"><\/col>\n<col width=\"92\"><\/col>\n<col width=\"8\"><\/col>\n<col><\/col>\n<\/colgroup>\n<tr valign=\"top\">\n<td align=\"right\">400<\/td>\n<td align=\"right\">Gramm<\/td>\n<td>&nbsp;<\/td>\n<td>Penne<\/td>\n<\/tr>\n<tr valign=\"top\">\n<td align=\"right\">1\/2<\/td>\n<td align=\"right\">Teel.<\/td>\n<td>&nbsp;<\/td>\n<td>Fenchelsamen<\/td>\n<\/tr>\n<tr valign=\"top\">\n<td align=\"right\">1\/2<\/td>\n<td align=\"right\">Teel.<\/td>\n<td>&nbsp;<\/td>\n<td>Chiliflocken<\/td>\n<\/tr>\n<tr valign=\"top\">\n<td align=\"right\">200<\/td>\n<td align=\"right\">Gramm<\/td>\n<td>&nbsp;<\/td>\n<td>Schinkenw&uuml;rfel<\/td>\n<\/tr>\n<tr valign=\"top\">\n<td>&nbsp;<\/td>\n<td>&nbsp;<\/td>\n<td>&nbsp;<\/td>\n<td>Oliven&ouml;l<\/td>\n<\/tr>\n<tr valign=\"top\">\n<td align=\"right\">200<\/td>\n<td align=\"right\">Gramm<\/td>\n<td>&nbsp;<\/td>\n<td>Broccoli, in R&ouml;schen, gehackt<\/td>\n<\/tr>\n<tr valign=\"top\">\n<td>&nbsp;<\/td>\n<td>&nbsp;<\/td>\n<td>&nbsp;<\/td>\n<td>Oliven&ouml;l, extra vergine<\/td>\n<\/tr>\n<tr valign=\"top\">\n<td>&nbsp;<\/td>\n<td>&nbsp;<\/td>\n<td>&nbsp;<\/td>\n<td>Saft und Schale von 1 Bio-Zitrone<\/td>\n<\/tr>\n<\/table>\n<h3 style=\"margin-top:0.8em; margin-bottom:0.2em; color:#8B4513; font-size:110%; font-weight:bold\">Quelle<\/h3>\n<table style=\"width:100%\" border=\"0\" cellspacing=\"0\" cellpadding=\"0\">\n<colgroup>\n<col width=\"100\"><\/col>\n<col><\/col>\n<\/colgroup>\n<tr>\n<td>&nbsp;<\/td>\n<td>jamie &#8211; Mehr Leben in der K&uuml;che<\/td>\n<\/tr>\n<tr>\n<td>&nbsp;<\/td>\n<td>November\/Dezember 2012<\/td>\n<\/tr>\n<tr>\n<td>&nbsp;<\/td>\n<td>Seite 119<\/td>\n<\/tr>\n<\/table>\n<table style=\"width:100%\" border=\"0\" cellspacing=\"0\" cellpadding=\"0\">\n<colgroup>\n<col width=\"160\"><\/col>\n<col><\/col>\n<\/colgroup>\n<tr>\n<td>&nbsp;<\/td>\n<td>Erfasst *RK* 15.12.2012 von<\/td>\n<\/tr>\n<tr>\n<td>&nbsp;<\/td>\n<td>Katja Brenner<\/td>\n<\/tr>\n<\/table>\n<h3 style=\"margin-top:0.8em; margin-bottom:0.2em; color:#8B4513; font-size:110%; font-weight:bold\">Zubereitung<\/h3>\n<p>Nudeln bissfest kochen.<\/p>\n<p>Fenchel, Chili mit 1 Prise Salz im M&ouml;rser zersto&szlig;en. Mix mit Schinken mischen.<\/p>\n<p>1-2 EL &Ouml;l in der Pfanne erhitzen, Schinken knusprig braten. Salzen und Pfeffern.<\/p>\n<p>Broccoli 3 min vor Ende der Garzeit zur Pasta geben. Nudelwasser abgie&szlig;en, etwas auffangen.<\/p>\n<p>Nudeln und Broccoli abtropfen, zum Schinken geben.<\/p>\n<p>Mit 1-2 EL Oliven&ouml;l, 1 Spritzer Zitronensaft und ggf. Nudelwasser mischen.<\/p>\n<p>Mit Zitronenschale garnieren.<\/p>\n<p>=====<\/p>\n<\/div>\n","protected":false},"excerpt":{"rendered":"<p>Dieses Gericht stammt aus &#8218;Jamie &#8211; mehr Leben in der K\u00fcche&#8216;. Im Heft wird die Zubereitung eines Weihnachtsschinkens erkl\u00e4rt und die Schinken-Broccoli-Pasta ist dann das dazugeh\u00f6rige Resteessen. Ich habe mangels Weihnachtsschinken Schinkenw\u00fcrfel genommen. ========== REZKONV-Rezept &#8211; RezkonvSuite v1.4 Titel: Schinken-Broccoli-Pasta Kategorien: Nudeln, Brokkoli Menge: 4 Portionen Zutaten 400 Gramm &nbsp; Penne 1\/2 Teel. &nbsp; Fenchelsamen &hellip; <\/p>\n<p class=\"link-more\"><a href=\"https:\/\/www.fambrenner.de\/Kaffeebohne\/wordpress\/2013\/02\/23\/schinken-broccoli-pasta\/\" class=\"more-link\"><span class=\"screen-reader-text\">\u201eSchinken-Broccoli-Pasta\u201c<\/span> weiterlesen<\/a><\/p>\n","protected":false},"author":1,"featured_media":0,"comment_status":"open","ping_status":"open","sticky":false,"template":"","format":"standard","meta":{"_jetpack_memberships_contains_paid_content":false,"footnotes":""},"categories":[27],"tags":[33,449],"jetpack_sharing_enabled":true,"jetpack_featured_media_url":"","_links":{"self":[{"href":"https:\/\/www.fambrenner.de\/Kaffeebohne\/wordpress\/wp-json\/wp\/v2\/posts\/4508"}],"collection":[{"href":"https:\/\/www.fambrenner.de\/Kaffeebohne\/wordpress\/wp-json\/wp\/v2\/posts"}],"about":[{"href":"https:\/\/www.fambrenner.de\/Kaffeebohne\/wordpress\/wp-json\/wp\/v2\/types\/post"}],"author":[{"embeddable":true,"href":"https:\/\/www.fambrenner.de\/Kaffeebohne\/wordpress\/wp-json\/wp\/v2\/users\/1"}],"replies":[{"embeddable":true,"href":"https:\/\/www.fambrenner.de\/Kaffeebohne\/wordpress\/wp-json\/wp\/v2\/comments?post=4508"}],"version-history":[{"count":5,"href":"https:\/\/www.fambrenner.de\/Kaffeebohne\/wordpress\/wp-json\/wp\/v2\/posts\/4508\/revisions"}],"predecessor-version":[{"id":4687,"href":"https:\/\/www.fambrenner.de\/Kaffeebohne\/wordpress\/wp-json\/wp\/v2\/posts\/4508\/revisions\/4687"}],"wp:attachment":[{"href":"https:\/\/www.fambrenner.de\/Kaffeebohne\/wordpress\/wp-json\/wp\/v2\/media?parent=4508"}],"wp:term":[{"taxonomy":"category","embeddable":true,"href":"https:\/\/www.fambrenner.de\/Kaffeebohne\/wordpress\/wp-json\/wp\/v2\/categories?post=4508"},{"taxonomy":"post_tag","embeddable":true,"href":"https:\/\/www.fambrenner.de\/Kaffeebohne\/wordpress\/wp-json\/wp\/v2\/tags?post=4508"}],"curies":[{"name":"wp","href":"https:\/\/api.w.org\/{rel}","templated":true}]}}