{"id":4274,"date":"2012-09-20T12:00:09","date_gmt":"2012-09-20T10:00:09","guid":{"rendered":"http:\/\/www.fambrenner.de\/Kaffeebohne\/wordpress\/?p=4274"},"modified":"2013-05-30T18:33:17","modified_gmt":"2013-05-30T16:33:17","slug":"veggie-tag-zwiebelkuchen-murbeteig-mit-ol","status":"publish","type":"post","link":"https:\/\/www.fambrenner.de\/Kaffeebohne\/wordpress\/2012\/09\/20\/veggie-tag-zwiebelkuchen-murbeteig-mit-ol\/","title":{"rendered":"Veggie-Tag: Zwiebelkuchen (M\u00fcrbeteig mit \u00d6l)"},"content":{"rendered":"<p>Zum heutigen Veggie-Tag gibt es einen Zwiebelkuchen. Hierzu gibt es zwei Besonderheiten. Zum einen habe ich dieses Mal einen M\u00fcrbeteig mit Oliven\u00f6l zubereitet und zum anderen habe ich besonders milde Zwiebeln verwendet. Und zwar L&#8217;Oignon doux des C\u00e1vennes &#8211; die milde Zwiebel Sankt Andr\u00e9.<br \/>\nDamit man den Geschmack der Zwiebel auch unverf\u00e4lscht geniesen kann, habe ich auf Speck, K\u00fcmmel, K\u00e4se u.a. bewu\u00dft verzichtet.<\/p>\n<p>Der Teig war nicht so ganz nach meinem Geschmack, da er sehr fest geworden ist und mir das butterige eines &#8218;richtigen&#8216; M\u00fcrbeteigs gefehlt hat. Aber die Quichesaison geht ja gerade erst los.<\/p>\n<div style=\" background:#fff; padding:0.5em; cursor:text;\">\n<!-- Tabelle f\u00c3\u00bcr Rezeptkopf --><\/p>\n<table style=\"width:100%\" border=\"0\" cellspacing=\"0\" cellpadding=\"0\">\n<colgroup>\n<col width=\"160\"><\/col>\n<col><\/col>\n<\/colgroup>\n<tr valign=\"top\">\n<td style=\"height:2em\">==========<\/td>\n<td>REZKONV-Rezept &#8211; RezkonvSuite v1.4<\/td>\n<\/tr>\n<tr>\n<td style=\"color:#fff\">Titel:<\/td>\n<td style=\"color:#8B4513; font-size:140%; font-weight:bold\">Zwiebelkuchen (M&uuml;rbeteig mit &Ouml;l)<\/td>\n<\/tr>\n<tr>\n<td style=\"color:#fff\">Kategorien:<\/td>\n<td>Quiche, Zwiebeln, Vegetarisch<\/td>\n<\/tr>\n<tr>\n<td style=\"color:#fff\">Menge:<\/td>\n<td>1 Rezept<\/td>\n<\/tr>\n<\/table>\n<p><!-- Ende Rezeptkopf --><\/p>\n<p style=\"margin:1.0em 0; text-align:center\"><img decoding=\"async\" src=\"http:\/\/www.fambrenner.de\/Fotoblog\/Zwiebelkuchen2012.jpg\"\/><\/p>\n<h3 style=\"margin-top:0.8em; margin-bottom:0.2em; color:#8B4513; font-size:110%; font-weight:bold\">Zutaten<\/h3>\n<table style=\"width:100%\" border=\"0\" cellspacing=\"0\" cellpadding=\"0\">\n<colgroup>\n<col width=\"60\"><\/col>\n<col width=\"92\"><\/col>\n<col width=\"8\"><\/col>\n<col><\/col>\n<\/colgroup>\n<tr>\n<td colspan=\"3\" style=\"color:#fff\">H<\/td>\n<td style=\"color:#000; font-size:100%; font-weight:bold\">TEIG MIT OLIVEN&Ouml;L<\/td>\n<\/tr>\n<tr valign=\"top\">\n<td align=\"right\">250<\/td>\n<td align=\"right\">Gramm<\/td>\n<td>&nbsp;<\/td>\n<td>Mehl<\/td>\n<\/tr>\n<tr valign=\"top\">\n<td align=\"right\">5<\/td>\n<td align=\"right\">Essl.<\/td>\n<td>&nbsp;<\/td>\n<td>Oliven&ouml;l<\/td>\n<\/tr>\n<tr valign=\"top\">\n<td>&nbsp;<\/td>\n<td>&nbsp;<\/td>\n<td>&nbsp;<\/td>\n<td>Wasser<\/td>\n<\/tr>\n<tr valign=\"top\">\n<td>&nbsp;<\/td>\n<td>&nbsp;<\/td>\n<td>&nbsp;<\/td>\n<td>Salz<\/td>\n<\/tr>\n<tr style=\"height:1.9em; vertical-align:bottom;\">\n<td colspan=\"3\" style=\"color:#fff\">H<\/td>\n<td style=\"color:#000; font-size:100%; font-weight:bold\">BELAG<\/td>\n<\/tr>\n<tr valign=\"top\">\n<td align=\"right\">1<\/td>\n<td align=\"right\">kg<\/td>\n<td>&nbsp;<\/td>\n<td>Zwiebeln<\/td>\n<\/tr>\n<tr valign=\"top\">\n<td align=\"right\">2<\/td>\n<td align=\"right\">Essl.<\/td>\n<td>&nbsp;<\/td>\n<td>&Ouml;liven&ouml;l<\/td>\n<\/tr>\n<tr valign=\"top\">\n<td>&nbsp;<\/td>\n<td>&nbsp;<\/td>\n<td>&nbsp;<\/td>\n<td>Muskat<\/td>\n<\/tr>\n<tr valign=\"top\">\n<td>&nbsp;<\/td>\n<td>&nbsp;<\/td>\n<td>&nbsp;<\/td>\n<td>Geriebener Gruy&eacute;re<\/td>\n<\/tr>\n<tr valign=\"top\">\n<td align=\"right\">6<\/td>\n<td align=\"right\">Essl.<\/td>\n<td>&nbsp;<\/td>\n<td>Milch<\/td>\n<\/tr>\n<tr valign=\"top\">\n<td align=\"right\">1<\/td>\n<td>&nbsp;<\/td>\n<td>&nbsp;<\/td>\n<td>Ei<\/td>\n<\/tr>\n<\/table>\n<h3 style=\"margin-top:0.8em; margin-bottom:0.2em; color:#8B4513; font-size:110%; font-weight:bold\">Quelle<\/h3>\n<table style=\"width:100%\" border=\"0\" cellspacing=\"0\" cellpadding=\"0\">\n<colgroup>\n<col width=\"100\"><\/col>\n<col><\/col>\n<\/colgroup>\n<tr>\n<td>&nbsp;<\/td>\n<td>Andr&eacute;e Maureau: Rezepte aus der Provence<\/td>\n<\/tr>\n<tr>\n<td>&nbsp;<\/td>\n<td>ISBN 2-85744-802-3<\/td>\n<\/tr>\n<\/table>\n<table style=\"width:100%\" border=\"0\" cellspacing=\"0\" cellpadding=\"0\">\n<colgroup>\n<col width=\"160\"><\/col>\n<col><\/col>\n<\/colgroup>\n<tr>\n<td>&nbsp;<\/td>\n<td>Erfasst *RK* 11.08.2005 von<\/td>\n<\/tr>\n<tr>\n<td>&nbsp;<\/td>\n<td>J. M.<\/td>\n<\/tr>\n<\/table>\n<h3 style=\"margin-top:0.8em; margin-bottom:0.2em; color:#8B4513; font-size:110%; font-weight:bold\">Zubereitung<\/h3>\n<\/p>\n<p>Zuerst den Teig machen und anschlie&szlig;end zusammengerollt mindestens 20 Minuten ruhen lassen. Die sehr, sehr fein geschnittenen Zwiebeln 20 Minuten zergehen lassen. Salz, Muskatnu&szlig;, das ganze Ei und die Milch dazugeben. 20 Minuten im hei&szlig;en Ofen backen. Er wird hei&szlig; gegessen. Je nach belieben kann man ihn auch mit schwarzen Oliven und Sardellen garnieren.<\/p>\n<p>=====<\/p>\n<\/div>\n<p>Weitere Zwiebelkuchenrezepte im Blog:<\/p>\n<p><a href=\"http:\/\/www.fambrenner.de\/Kaffeebohne\/wordpress\/2006\/10\/08\/zwiebelkuchen-mit-apfel\/\">Zwiebelkuchen mit Apfel<\/a><br \/>\n<a href=\"http:\/\/www.fambrenner.de\/Kaffeebohne\/wordpress\/2007\/09\/26\/einfacher-zwiebelkuchen\/\">Zwiebelkuchen mit Bl\u00e4tterteig<\/a><br \/>\n<a href=\"http:\/\/www.fambrenner.de\/Kaffeebohne\/wordpress\/2008\/10\/11\/blog-event-xxxix-quiche-tarte-co\/\">Tarte Tarin mit roten Zwiebeln<\/a><br \/>\n<a href=\"http:\/\/www.fambrenner.de\/Kaffeebohne\/wordpress\/2010\/09\/25\/dkduw-pikantes-backen\/\">Badischer Zwiebelkuchen<\/a><br \/>\n<a href=\"http:\/\/www.fambrenner.de\/Kaffeebohne\/wordpress\/2011\/09\/29\/veggie-tag-zwiebelkuchen-mit-trauben\/\">Zwiebelkuchen mit Trauben<\/a><br \/>\n<a href=\"http:\/\/www.fambrenner.de\/Kaffeebohne\/wordpress\/2011\/10\/18\/zwiebelkuchen-mit-speck\/\">Zwiebelkuchen mit Speck<\/a><\/p>\n","protected":false},"excerpt":{"rendered":"<p>Zum heutigen Veggie-Tag gibt es einen Zwiebelkuchen. Hierzu gibt es zwei Besonderheiten. Zum einen habe ich dieses Mal einen M\u00fcrbeteig mit Oliven\u00f6l zubereitet und zum anderen habe ich besonders milde Zwiebeln verwendet. Und zwar L&#8217;Oignon doux des C\u00e1vennes &#8211; die milde Zwiebel Sankt Andr\u00e9. Damit man den Geschmack der Zwiebel auch unverf\u00e4lscht geniesen kann, habe &hellip; <\/p>\n<p class=\"link-more\"><a href=\"https:\/\/www.fambrenner.de\/Kaffeebohne\/wordpress\/2012\/09\/20\/veggie-tag-zwiebelkuchen-murbeteig-mit-ol\/\" class=\"more-link\"><span class=\"screen-reader-text\">\u201eVeggie-Tag: Zwiebelkuchen (M\u00fcrbeteig mit \u00d6l)\u201c<\/span> weiterlesen<\/a><\/p>\n","protected":false},"author":1,"featured_media":0,"comment_status":"open","ping_status":"open","sticky":false,"template":"","format":"standard","meta":{"_jetpack_memberships_contains_paid_content":false,"footnotes":""},"categories":[124],"tags":[440,307,161],"jetpack_sharing_enabled":true,"jetpack_featured_media_url":"","_links":{"self":[{"href":"https:\/\/www.fambrenner.de\/Kaffeebohne\/wordpress\/wp-json\/wp\/v2\/posts\/4274"}],"collection":[{"href":"https:\/\/www.fambrenner.de\/Kaffeebohne\/wordpress\/wp-json\/wp\/v2\/posts"}],"about":[{"href":"https:\/\/www.fambrenner.de\/Kaffeebohne\/wordpress\/wp-json\/wp\/v2\/types\/post"}],"author":[{"embeddable":true,"href":"https:\/\/www.fambrenner.de\/Kaffeebohne\/wordpress\/wp-json\/wp\/v2\/users\/1"}],"replies":[{"embeddable":true,"href":"https:\/\/www.fambrenner.de\/Kaffeebohne\/wordpress\/wp-json\/wp\/v2\/comments?post=4274"}],"version-history":[{"count":10,"href":"https:\/\/www.fambrenner.de\/Kaffeebohne\/wordpress\/wp-json\/wp\/v2\/posts\/4274\/revisions"}],"predecessor-version":[{"id":4758,"href":"https:\/\/www.fambrenner.de\/Kaffeebohne\/wordpress\/wp-json\/wp\/v2\/posts\/4274\/revisions\/4758"}],"wp:attachment":[{"href":"https:\/\/www.fambrenner.de\/Kaffeebohne\/wordpress\/wp-json\/wp\/v2\/media?parent=4274"}],"wp:term":[{"taxonomy":"category","embeddable":true,"href":"https:\/\/www.fambrenner.de\/Kaffeebohne\/wordpress\/wp-json\/wp\/v2\/categories?post=4274"},{"taxonomy":"post_tag","embeddable":true,"href":"https:\/\/www.fambrenner.de\/Kaffeebohne\/wordpress\/wp-json\/wp\/v2\/tags?post=4274"}],"curies":[{"name":"wp","href":"https:\/\/api.w.org\/{rel}","templated":true}]}}