{"id":13297,"date":"2026-04-28T21:31:07","date_gmt":"2026-04-28T19:31:07","guid":{"rendered":"https:\/\/www.fambrenner.de\/Kaffeebohne\/wordpress\/?p=13297"},"modified":"2026-04-28T21:39:02","modified_gmt":"2026-04-28T19:39:02","slug":"koch-mein-rezept-kaffeebohne-zu-gast-bei-brotwein-spargel-nudel-salat","status":"publish","type":"post","link":"https:\/\/www.fambrenner.de\/Kaffeebohne\/wordpress\/2026\/04\/28\/koch-mein-rezept-kaffeebohne-zu-gast-bei-brotwein-spargel-nudel-salat\/","title":{"rendered":"Koch mein Rezept &#8211; Kaffeebohne zu Gast bei Brotwein &#8211; Spargel Nudel Salat"},"content":{"rendered":"<p><img loading=\"lazy\" decoding=\"async\" src=\"https:\/\/volkermampft.de\/wp-content\/uploads\/2020\/06\/banner-koch-mein-rezept-quer-600.png\" alt=\"Blogger Aktion &quot;Koch mein Rezept - der gro\u00dfe Rezepttausch&quot; von @volkermampft \" width=\"600\" height=\"275\" \"=\"\"\/><\/p>\n<p>Heute geht es in die n\u00e4chste Runde von Koch mein Rezept, dass von <a href=\"https:\/\/volkermampft.de\/\" rel=\"noopener\" target=\"_blank\">Volker mampft<\/a> organisiert wird.<\/p>\n<p>In dieser Runde darf ich f\u00fcr Sylvia vom Blog <a href=\"https:\/\/brotwein.net\" rel=\"noopener\" target=\"_blank\">Brotwein<\/a> kochen. Sylvia ist f\u00fcr mich keine Unbekannte, wir &#8218;kennen&#8216; uns von diversen Blogevents und &#8218;wir retten&#8216; auch mit einigen anderen Mitstreitern Fertiggerichte &#8211; besser gesagt, wir zeigen Euch wie man eben diese Fertiggerichte ganz einfach selbst zubereiten kann. <\/p>\n<p>Sylvias Blog tr\u00e4gt den Namen Brotwein, da sie gerne (ganz tolles) Brot backt und gerne Wein trinkt.<br \/>\nBei Sylvia gibt es unz\u00e4hlige Rezepte und es gibt nicht nur Rezepte, sondern immer sehr viel Hintergrundinformationen zum Gericht und\/oder den Zutaten.<\/p>\n<p>Sie bloggt bereits seit 2015 und letztes Jahr gab es einen Re-Launch auf ihrer Seite. Dort empf\u00e4ngt sie Euch gleich auf der Startseite mit den neuesten Beitr\u00e4gen sowie mit Rezepten, bei denen saisonale Zutaten verwendet werden. Aktuell sind es Rezepte mit Rhabarber, B\u00e4rlauch, aber auch M\u00f6nchsbart.<\/p>\n<p>Ich habe mich nat\u00fcrlich voller guter Vors\u00e4tze gleich nach der Auslosung ans Kochen gemacht und habe eine herrliche <a href=\"https:\/\/brotwein.net\/wirsing-quiche-rezept-8421\" rel=\"noopener\" target=\"_blank\">Wirsingquiche<\/a> gebacken. Bis ich ans Bloggen kam gab es im Hofladen keinen Wirsing mehr und ich habe mich weiter umgeschaut, bin meinem gern gegessenen gr\u00fcnen Spargel h\u00e4ngen geblieben und habe mich f\u00fcr diesen leckeren <a href=\"https:\/\/brotwein.net\/spargel-nudel-salat-5904\" rel=\"noopener\" target=\"_blank\">Spargel Nudel Sal<\/a>at entschieden. Ich lebe im einem Spargelanbaugebiet und bei mir gibt es nur Spargel vom B\u00fcdchen und auch Erdbeeren gibt es bei mir nur, wenn ich diese tagesfrisch am B\u00fcdchen bekomme.<\/p>\n<p>Der Spargel Nudel Salat kommt eigentlich von der lieben Simone von <a href=\"https:\/\/www.zimtkringel.org\/\" rel=\"noopener\" target=\"_blank\">Zimtkringel<\/a> und ist dann bei Sylvia gelandet. Ich habe die Mengen im Rezept verdoppelt und wir haben den Salat dann als Nudelgericht zum Mittag gegessen, ohne weitere Beilagen. Es war super lecker und dieses Rezept wird es sicher \u00f6fter bei uns geben.<\/p>\n<p>Liebe Sylvia, es war mir eine Ehre und Freude auf Deinem Blog st\u00f6bern zu d\u00fcrfen.<\/p>\n<div style=\"padding:0.5em; cursor:text;\">\n<!-- Tabelle f\u00fcr Rezeptkopf --><\/p>\n<table style=\"width:100%\" border=\"0\" cellspacing=\"0\" cellpadding=\"0\">\n<colgroup>\n<col width=\"160\"\/>\n<col \/><\/colgroup>\n<tr valign=\"top\">\n<td style=\"height:2em\">==========<\/td>\n<td>REZKONV-Rezept &#8211; RezkonvSuite v1.4<\/td>\n<\/tr>\n<tr>\n<td style=\"color:#fff\">Titel:<\/td>\n<td style=\"color:#8B4513; font-size:140%; font-weight:bold\">Spargel Nudel Salat<\/td>\n<\/tr>\n<tr>\n<td style=\"color:#fff\">Kategorien:<\/td>\n<td>Nudeln, Spargel, Fleisch, N&uuml;sse<\/td>\n<\/tr>\n<tr>\n<td style=\"color:#fff\">Menge:<\/td>\n<td>4 bis 6 Portionen<\/td>\n<\/tr>\n<\/table>\n<p><!-- Ende Rezeptkopf --><\/p>\n<p style=\"margin:1.0em 0; text-align:center\"><img decoding=\"async\" src=\"https:\/\/www.fambrenner.de\/Fotoblog\/Spargel Nudel Salat.jpg\"\/><\/p>\n<h3 style=\"margin-top:0.8em; margin-bottom:0.2em; color:#8B4513; font-size:110%; font-weight:bold\">Zutaten<\/h3>\n<table style=\"width:100%\" border=\"0\" cellspacing=\"0\" cellpadding=\"0\">\n<colgroup>\n<col width=\"60\"\/>\n<col width=\"92\"\/>\n<col width=\"8\"\/>\n<col \/><\/colgroup>\n<tr valign=\"top\">\n<td align=\"right\">500<\/td>\n<td align=\"right\">Gramm<\/td>\n<td>&nbsp;<\/td>\n<td>Spargel gr&uuml;n<\/td>\n<\/tr>\n<tr valign=\"top\">\n<td align=\"right\">200<\/td>\n<td align=\"right\">Gramm<\/td>\n<td>&nbsp;<\/td>\n<td>Nudeln roh (z.B. Rigatoni, Fusilli)<\/td>\n<\/tr>\n<tr valign=\"top\">\n<td align=\"right\">4<\/td>\n<td>&nbsp;<\/td>\n<td>&nbsp;<\/td>\n<td>Schalotten<\/td>\n<\/tr>\n<tr valign=\"top\">\n<td align=\"right\">2<\/td>\n<td align=\"right\">Essl.<\/td>\n<td>&nbsp;<\/td>\n<td>Waln&uuml;sse<\/td>\n<\/tr>\n<tr valign=\"top\">\n<td align=\"right\">80<\/td>\n<td align=\"right\">Gramm<\/td>\n<td>&nbsp;<\/td>\n<td>Schinken roh (z.B. San Danielle, Parmaschinken)<\/td>\n<\/tr>\n<tr valign=\"top\">\n<td align=\"right\">4<\/td>\n<td align=\"right\">Essl.<\/td>\n<td>&nbsp;<\/td>\n<td>Oliven&ouml;l<\/td>\n<\/tr>\n<tr valign=\"top\">\n<td align=\"right\">4-8<\/td>\n<td align=\"right\">Essl.<\/td>\n<td>&nbsp;<\/td>\n<td>Balsamico Essig<\/td>\n<\/tr>\n<tr valign=\"top\">\n<td align=\"right\">1<\/td>\n<td align=\"right\">Teel.<\/td>\n<td>&nbsp;<\/td>\n<td>Senf<\/td>\n<\/tr>\n<tr valign=\"top\">\n<td>&nbsp;<\/td>\n<td>&nbsp;<\/td>\n<td>&nbsp;<\/td>\n<td>Salz<\/td>\n<\/tr>\n<tr valign=\"top\">\n<td>&nbsp;<\/td>\n<td>&nbsp;<\/td>\n<td>&nbsp;<\/td>\n<td>Pfeffer<\/td>\n<\/tr>\n<\/table>\n<h3 style=\"margin-top:0.8em; margin-bottom:0.2em; color:#8B4513; font-size:110%; font-weight:bold\">Quelle<\/h3>\n<table style=\"width:100%\" border=\"0\" cellspacing=\"0\" cellpadding=\"0\">\n<colgroup>\n<col width=\"100\"\/>\n<col \/><\/colgroup>\n<tr>\n<td>&nbsp;<\/td>\n<td>brotwein dd. 23.05.2022<\/td>\n<\/tr>\n<\/table>\n<table style=\"width:100%\" border=\"0\" cellspacing=\"0\" cellpadding=\"0\">\n<colgroup>\n<col width=\"160\"\/>\n<col \/><\/colgroup>\n<tr>\n<td>&nbsp;<\/td>\n<td>Erfasst *RK* 18.04.2026 von<\/td>\n<\/tr>\n<tr>\n<td>&nbsp;<\/td>\n<td>Katja Brenner<\/td>\n<\/tr>\n<\/table>\n<h3 style=\"margin-top:0.8em; margin-bottom:0.2em; color:#8B4513; font-size:110%; font-weight:bold\">Zubereitung<\/h3>\n<p>Vorbereitungen: Die gegebenenfalls holzigen unteren Bereiche des gr&uuml;nen Spargels sch&auml;len und in St&uuml;cke von 2 bis 3 cm schneiden. Die Schalotten sch&auml;len und fein w&uuml;rdeln. Den Schinken in Streifen schneiden.<\/p>\n<p>Pasta und Spargel kochen: In einem Topf ausreichend Wasser zum Kochen bringen, Salz und Nudeln hineingeben und im sprudelnden Wasser die Nudeln bissfest kochen. Kurz vor Ende der Garzeit der Nudeln die Spargelst&uuml;cke ins Nudelwasser geben und gar ziehen lassen. (Gr&uuml;ner Spargel ca. 3 Minuten, wei&szlig;er Spargel ca. 5 &#8211; 7 Minuten. Er soll noch bissfest sein.) Nudeln und Spargel durch ein Sieb abgie&szlig;en und kurz mit kaltem Wasser abschrecken.<\/p>\n<p>Dessing: In einer Pfanne das &Ouml;l erhitzen und die Schalotte glasig d&uuml;nsten. Pfanne vom Herd ziehen und mit dem Essig abl&ouml;schen. Mit Senf, &Ouml;l, Salz und Pfeffer abschmecken.<\/p>\n<p>Spargel Nudel Salat: Nudeln und Spargel in eine Sch&uuml;ssel geben, das Dressing zugeben und vermischen. Waln&uuml;sse und Schinken untermischen. Gleich servieren.<\/p>\n<p>Inspiriert von Zimtkringel<\/p>\n<p>Katja: das ist die doppelte Menge des Originalrezeptes. Wir haben es zu zweit als Hauptspeise gegessen.<\/p>\n<p>=====<\/p>\n<\/div>\n","protected":false},"excerpt":{"rendered":"","protected":false},"author":2,"featured_media":0,"comment_status":"open","ping_status":"open","sticky":false,"template":"","format":"standard","meta":{"_jetpack_memberships_contains_paid_content":false,"footnotes":""},"categories":[14,35,9,27,37],"tags":[442,411,510,449,452],"jetpack_sharing_enabled":true,"jetpack_featured_media_url":"","_links":{"self":[{"href":"https:\/\/www.fambrenner.de\/Kaffeebohne\/wordpress\/wp-json\/wp\/v2\/posts\/13297"}],"collection":[{"href":"https:\/\/www.fambrenner.de\/Kaffeebohne\/wordpress\/wp-json\/wp\/v2\/posts"}],"about":[{"href":"https:\/\/www.fambrenner.de\/Kaffeebohne\/wordpress\/wp-json\/wp\/v2\/types\/post"}],"author":[{"embeddable":true,"href":"https:\/\/www.fambrenner.de\/Kaffeebohne\/wordpress\/wp-json\/wp\/v2\/users\/2"}],"replies":[{"embeddable":true,"href":"https:\/\/www.fambrenner.de\/Kaffeebohne\/wordpress\/wp-json\/wp\/v2\/comments?post=13297"}],"version-history":[{"count":11,"href":"https:\/\/www.fambrenner.de\/Kaffeebohne\/wordpress\/wp-json\/wp\/v2\/posts\/13297\/revisions"}],"predecessor-version":[{"id":13308,"href":"https:\/\/www.fambrenner.de\/Kaffeebohne\/wordpress\/wp-json\/wp\/v2\/posts\/13297\/revisions\/13308"}],"wp:attachment":[{"href":"https:\/\/www.fambrenner.de\/Kaffeebohne\/wordpress\/wp-json\/wp\/v2\/media?parent=13297"}],"wp:term":[{"taxonomy":"category","embeddable":true,"href":"https:\/\/www.fambrenner.de\/Kaffeebohne\/wordpress\/wp-json\/wp\/v2\/categories?post=13297"},{"taxonomy":"post_tag","embeddable":true,"href":"https:\/\/www.fambrenner.de\/Kaffeebohne\/wordpress\/wp-json\/wp\/v2\/tags?post=13297"}],"curies":[{"name":"wp","href":"https:\/\/api.w.org\/{rel}","templated":true}]}}