{"id":13214,"date":"2026-01-22T12:00:55","date_gmt":"2026-01-22T11:00:55","guid":{"rendered":"https:\/\/www.fambrenner.de\/Kaffeebohne\/wordpress\/?p=13214"},"modified":"2026-01-20T19:51:32","modified_gmt":"2026-01-20T18:51:32","slug":"veggie-tag-pasta-in-pistazienpesto-mit-burrata","status":"publish","type":"post","link":"https:\/\/www.fambrenner.de\/Kaffeebohne\/wordpress\/2026\/01\/22\/veggie-tag-pasta-in-pistazienpesto-mit-burrata\/","title":{"rendered":"Veggie-Tag: Pasta in Pistazienpesto mit Burrata"},"content":{"rendered":"<p>Es war mal wieder Zeit f\u00fcr ein neues Pesto und f\u00fcndig wurde ich (wie schon so oft) bei essen &#038; trinken.<\/p>\n<p>Das Pesto l\u00e4sst sich gut vorbereiten und im K\u00fchlschrank (mit \u00d6l bedeckt) aufbewahren. Dann ist das Mittagessen schnell fertig &#8211; entweder nach dem Homeoffice oder der Arbeit vor Ort.<\/p>\n<p>Meine Nudelwahl fiel auf meine geliebten Mezzi Rigatoni.<\/p>\n<div style=\"background:#fff; padding:0.5em; cursor:text; \">\n<!-- Tabelle f\u00fcr Rezeptkopf --><\/p>\n<table style=\"width:100%\" border=\"0\" cellspacing=\"0\" cellpadding=\"0\">\n<colgroup>\n<col width=\"160\"\/>\n<col \/><\/colgroup>\n<tr valign=\"top\">\n<td style=\"height:2em\">==========<\/td>\n<td>REZKONV-Rezept &#8211; RezkonvSuite v1.4<\/td>\n<\/tr>\n<tr>\n<td style=\"color:#fff\">Titel:<\/td>\n<td style=\"color:#8B4513; font-size:140%; font-weight:bold\">Pasta in Pistazienpesto mit Burrata<\/td>\n<\/tr>\n<tr>\n<td style=\"color:#fff\">Kategorien:<\/td>\n<td>Nudeln, Pesto, K&auml;se, Vegetarisch<\/td>\n<\/tr>\n<tr>\n<td style=\"color:#fff\">Menge:<\/td>\n<td>4 Portionen<\/td>\n<\/tr>\n<\/table>\n<p><!-- Ende Rezeptkopf --><\/p>\n<p style=\"margin:1.0em 0; text-align:center\"><img decoding=\"async\" src=\"https:\/\/www.fambrenner.de\/Fotoblog\/Pasta in Pistazienpesto mit Burrata.jpg \"\/><\/p>\n<h3 style=\"margin-top:0.8em; margin-bottom:0.2em; color:#8B4513; font-size:110%; font-weight:bold\">Zutaten<\/h3>\n<table style=\"width:100%\" border=\"0\" cellspacing=\"0\" cellpadding=\"0\">\n<colgroup>\n<col width=\"60\"\/>\n<col width=\"92\"\/>\n<col width=\"8\"\/>\n<col \/><\/colgroup>\n<tr valign=\"top\">\n<td align=\"right\">80<\/td>\n<td align=\"right\">Gramm<\/td>\n<td>&nbsp;<\/td>\n<td>Pistazienkerne (gr&uuml;n, ungesalzen)<\/td>\n<\/tr>\n<tr valign=\"top\">\n<td align=\"right\">50<\/td>\n<td align=\"right\">Gramm<\/td>\n<td>&nbsp;<\/td>\n<td>Basilikum<\/td>\n<\/tr>\n<tr valign=\"top\">\n<td align=\"right\">1<\/td>\n<td>&nbsp;<\/td>\n<td>&nbsp;<\/td>\n<td>Knoblauchzehe<\/td>\n<\/tr>\n<tr valign=\"top\">\n<td align=\"right\">30<\/td>\n<td align=\"right\">Gramm<\/td>\n<td>&nbsp;<\/td>\n<td>Italienischer Hartk&auml;se (z. B. Parmesan)<\/td>\n<\/tr>\n<tr valign=\"top\">\n<td align=\"right\">100<\/td>\n<td align=\"right\">ml<\/td>\n<td>&nbsp;<\/td>\n<td>Oliven&ouml;l<\/td>\n<\/tr>\n<tr valign=\"top\">\n<td>&nbsp;<\/td>\n<td>&nbsp;<\/td>\n<td>&nbsp;<\/td>\n<td>Salz<\/td>\n<\/tr>\n<tr valign=\"top\">\n<td>&nbsp;<\/td>\n<td>&nbsp;<\/td>\n<td>&nbsp;<\/td>\n<td>Pfeffer<\/td>\n<\/tr>\n<tr valign=\"top\">\n<td align=\"right\">250<\/td>\n<td align=\"right\">Gramm<\/td>\n<td>&nbsp;<\/td>\n<td>Rigatoni<\/td>\n<\/tr>\n<tr valign=\"top\">\n<td align=\"right\">2<\/td>\n<td>&nbsp;<\/td>\n<td>&nbsp;<\/td>\n<td>Burrata (&agrave; 120 g, ersatzweise Mozzarella)<\/td>\n<\/tr>\n<\/table>\n<h3 style=\"margin-top:0.8em; margin-bottom:0.2em; color:#8B4513; font-size:110%; font-weight:bold\">Quelle<\/h3>\n<table style=\"width:100%\" border=\"0\" cellspacing=\"0\" cellpadding=\"0\">\n<colgroup>\n<col width=\"100\"\/>\n<col \/><\/colgroup>\n<tr>\n<td>&nbsp;<\/td>\n<td>essen &amp; trinken 10\/2022<\/td>\n<\/tr>\n<\/table>\n<table style=\"width:100%\" border=\"0\" cellspacing=\"0\" cellpadding=\"0\">\n<colgroup>\n<col width=\"160\"\/>\n<col \/><\/colgroup>\n<tr>\n<td>&nbsp;<\/td>\n<td>Erfasst *RK* 20.10.2025 von<\/td>\n<\/tr>\n<tr>\n<td>&nbsp;<\/td>\n<td>Katja Brenner<\/td>\n<\/tr>\n<\/table>\n<h3 style=\"margin-top:0.8em; margin-bottom:0.2em; color:#8B4513; font-size:110%; font-weight:bold\">Zubereitung<\/h3>\n<p>Pistazien in einer Pfanne ohne Fett r&ouml;sten und auf einem Teller abk&uuml;hlen lassen. 1 EL f&uuml;r die Garnitur beiseitestellen. Basilikumbl&auml;tter von den Stielen abzupfen. Hartk&auml;se fein reiben. Pistazien, Basilikum, Knoblauch und Oliven&ouml;l fein p&uuml;rieren, anschlie&szlig;end geriebenen K&auml;se unterheben. Pesto mit Salz und Pfeffer abschmecken.<\/p>\n<p>Rigatoni in reichlich kochendem Salzwasser nach Packungsanweisung bissfest garen. Vor dem Abgie&szlig;en 4 EL Kochwasser abnehmen, beiseitestellen. Nudeln in ein Sieb abgie&szlig;en. Pistazien-Pesto und Kochwasser in einer Pfanne erhitzen, Rigatoni zugeben und kurz durchschwenken.<\/p>\n<p>Rigatoni mit Pistazienpesto auf vorgew&auml;rmten Tellern anrichten, Burrata in kleine St&uuml;cke teilen und dar&uuml;bergeben. Mit restlichen Pistazien und restlichen Basilikumbl&auml;ttern bestreuen und servieren.<\/p>\n<p>=====<\/p>\n<\/div>\n","protected":false},"excerpt":{"rendered":"<p>Es war mal wieder Zeit f\u00fcr ein neues Pesto und f\u00fcndig wurde ich (wie schon so oft) bei essen &#038; trinken. Das Pesto l\u00e4sst sich gut vorbereiten und im K\u00fchlschrank (mit \u00d6l bedeckt) aufbewahren. Dann ist das Mittagessen schnell fertig &#8211; entweder nach dem Homeoffice oder der Arbeit vor Ort. Meine Nudelwahl fiel auf meine &hellip; <\/p>\n<p class=\"link-more\"><a href=\"https:\/\/www.fambrenner.de\/Kaffeebohne\/wordpress\/2026\/01\/22\/veggie-tag-pasta-in-pistazienpesto-mit-burrata\/\" class=\"more-link\"><span class=\"screen-reader-text\">\u201eVeggie-Tag: Pasta in Pistazienpesto mit Burrata\u201c<\/span> weiterlesen<\/a><\/p>\n","protected":false},"author":2,"featured_media":0,"comment_status":"open","ping_status":"open","sticky":false,"template":"","format":"standard","meta":{"_jetpack_memberships_contains_paid_content":false,"footnotes":""},"categories":[27,10],"tags":[449,76],"jetpack_sharing_enabled":true,"jetpack_featured_media_url":"","_links":{"self":[{"href":"https:\/\/www.fambrenner.de\/Kaffeebohne\/wordpress\/wp-json\/wp\/v2\/posts\/13214"}],"collection":[{"href":"https:\/\/www.fambrenner.de\/Kaffeebohne\/wordpress\/wp-json\/wp\/v2\/posts"}],"about":[{"href":"https:\/\/www.fambrenner.de\/Kaffeebohne\/wordpress\/wp-json\/wp\/v2\/types\/post"}],"author":[{"embeddable":true,"href":"https:\/\/www.fambrenner.de\/Kaffeebohne\/wordpress\/wp-json\/wp\/v2\/users\/2"}],"replies":[{"embeddable":true,"href":"https:\/\/www.fambrenner.de\/Kaffeebohne\/wordpress\/wp-json\/wp\/v2\/comments?post=13214"}],"version-history":[{"count":5,"href":"https:\/\/www.fambrenner.de\/Kaffeebohne\/wordpress\/wp-json\/wp\/v2\/posts\/13214\/revisions"}],"predecessor-version":[{"id":13219,"href":"https:\/\/www.fambrenner.de\/Kaffeebohne\/wordpress\/wp-json\/wp\/v2\/posts\/13214\/revisions\/13219"}],"wp:attachment":[{"href":"https:\/\/www.fambrenner.de\/Kaffeebohne\/wordpress\/wp-json\/wp\/v2\/media?parent=13214"}],"wp:term":[{"taxonomy":"category","embeddable":true,"href":"https:\/\/www.fambrenner.de\/Kaffeebohne\/wordpress\/wp-json\/wp\/v2\/categories?post=13214"},{"taxonomy":"post_tag","embeddable":true,"href":"https:\/\/www.fambrenner.de\/Kaffeebohne\/wordpress\/wp-json\/wp\/v2\/tags?post=13214"}],"curies":[{"name":"wp","href":"https:\/\/api.w.org\/{rel}","templated":true}]}}