{"id":12260,"date":"2022-01-06T12:00:32","date_gmt":"2022-01-06T11:00:32","guid":{"rendered":"https:\/\/www.fambrenner.de\/Kaffeebohne\/wordpress\/?p=12260"},"modified":"2022-01-04T17:58:03","modified_gmt":"2022-01-04T16:58:03","slug":"veggie-tag-pastinaken-kartoffel-strudel","status":"publish","type":"post","link":"https:\/\/www.fambrenner.de\/Kaffeebohne\/wordpress\/2022\/01\/06\/veggie-tag-pastinaken-kartoffel-strudel\/","title":{"rendered":"Veggie-Tag: Pastinaken-Kartoffel-Strudel"},"content":{"rendered":"<p>An Strudel habe ich mich noch nie rangewagt, aber es wurde mal Zeit, denn das <a href=\"https:\/\/schrotundkorn.de\/rezepte\/pastinaken-kartoffel-strudel\" rel=\"noopener\" target=\"_blank\">Rezept von Schrot&#038;Korn<\/a> klang sehr lecker.<\/p>\n<p>Verwendet wurde (veganer) Bl\u00e4tterteig, aber ich k\u00f6nnte mir das Gericht auch mit (Fertig)Strudelteig vorstellen.<\/p>\n<p>Die Zubereitung ist nicht schwer. Ich habe es mit dem Einstechen des Bl\u00e4tterteigs sehr gut gemeint und er ist beim Rollen schon gerissen, was beim Backen dann noch schlimmer wurde. Das Rezept ist f\u00fcr vier Personen angegeben und wir haben es zu dritt gegessen und h\u00e4tten noch mehr essen k\u00f6nnen.<\/p>\n<div style=\" background:#fff; padding:0.5em; cursor:text; \">\n<!-- Tabelle f\u00fcr Rezeptkopf --><\/p>\n<table style=\"width:100%\" border=\"0\" cellspacing=\"0\" cellpadding=\"0\">\n<colgroup>\n<col width=\"160\"\/>\n<col \/><\/colgroup>\n<tr valign=\"top\">\n<td style=\"height:2em\">==========<\/td>\n<td>REZKONV-Rezept &#8211; RezkonvSuite v1.4<\/td>\n<\/tr>\n<tr>\n<td style=\"color:#fff\">Titel:<\/td>\n<td style=\"color:#8B4513; font-size:140%; font-weight:bold\">Pastinaken-Kartoffel-Strudel<\/td>\n<\/tr>\n<tr>\n<td style=\"color:#fff\">Kategorien:<\/td>\n<td>Quiche, Pastinaken, Kartoffeln, Vegan, Vegetarisch<\/td>\n<\/tr>\n<tr>\n<td style=\"color:#fff\">Menge:<\/td>\n<td>4 Portionen<\/td>\n<\/tr>\n<\/table>\n<p><!-- Ende Rezeptkopf --><\/p>\n<p style=\"margin:1.0em 0; text-align:center\"><img decoding=\"async\" src=\"https:\/\/www.fambrenner.de\/Fotoblog\/Pastinaken-Kartoffel-Strudel.jpg\"\/><\/p>\n<h3 style=\"margin-top:0.8em; margin-bottom:0.2em; color:#8B4513; font-size:110%; font-weight:bold\">Zutaten<\/h3>\n<table style=\"width:100%\" border=\"0\" cellspacing=\"0\" cellpadding=\"0\">\n<colgroup>\n<col width=\"60\"\/>\n<col width=\"92\"\/>\n<col width=\"8\"\/>\n<col \/><\/colgroup>\n<tr valign=\"top\">\n<td align=\"right\">400<\/td>\n<td align=\"right\">Gramm<\/td>\n<td>&nbsp;<\/td>\n<td>Vorwiegend festkochende Kartoffeln<\/td>\n<\/tr>\n<tr valign=\"top\">\n<td align=\"right\">2<\/td>\n<td>&nbsp;<\/td>\n<td>&nbsp;<\/td>\n<td>Knoblauchzehen<\/td>\n<\/tr>\n<tr valign=\"top\">\n<td align=\"right\">1\/2<\/td>\n<td align=\"right\">Teel.<\/td>\n<td>&nbsp;<\/td>\n<td>Kurkumapulver<\/td>\n<\/tr>\n<tr valign=\"top\">\n<td align=\"right\">4<\/td>\n<td align=\"right\">Essl.<\/td>\n<td>&nbsp;<\/td>\n<td>Oliven&ouml;l<\/td>\n<\/tr>\n<tr valign=\"top\">\n<td>&nbsp;<\/td>\n<td>&nbsp;<\/td>\n<td>&nbsp;<\/td>\n<td>Salz<\/td>\n<\/tr>\n<tr valign=\"top\">\n<td>&nbsp;<\/td>\n<td>&nbsp;<\/td>\n<td>&nbsp;<\/td>\n<td>Schwarzer Pfeffer<\/td>\n<\/tr>\n<tr valign=\"top\">\n<td align=\"right\">2<\/td>\n<td align=\"right\">Essl.<\/td>\n<td>&nbsp;<\/td>\n<td>Fein gehackter Rosmarin<\/td>\n<\/tr>\n<tr valign=\"top\">\n<td align=\"right\">400<\/td>\n<td align=\"right\">Gramm<\/td>\n<td>&nbsp;<\/td>\n<td>Pastinaken<\/td>\n<\/tr>\n<tr valign=\"top\">\n<td align=\"right\">2<\/td>\n<td align=\"right\">Teel.<\/td>\n<td>&nbsp;<\/td>\n<td>Paprika (edels&uuml;&szlig;)<\/td>\n<\/tr>\n<tr valign=\"top\">\n<td align=\"right\">1<\/td>\n<td align=\"right\">Pack.<\/td>\n<td>&nbsp;<\/td>\n<td>Veganer Bl&auml;tterteig<\/td>\n<\/tr>\n<tr valign=\"top\">\n<td align=\"right\">4<\/td>\n<td align=\"right\">Essl.<\/td>\n<td>&nbsp;<\/td>\n<td>Hafer- oder Reismilch<\/td>\n<\/tr>\n<\/table>\n<h3 style=\"margin-top:0.8em; margin-bottom:0.2em; color:#8B4513; font-size:110%; font-weight:bold\">Quelle<\/h3>\n<table style=\"width:100%\" border=\"0\" cellspacing=\"0\" cellpadding=\"0\">\n<colgroup>\n<col width=\"100\"\/>\n<col \/><\/colgroup>\n<tr>\n<td>&nbsp;<\/td>\n<td>Schrot&amp;Korn 10\/2015 &#8211; Hei&szlig;e Gem&uuml;sekuchen<\/td>\n<\/tr>\n<\/table>\n<table style=\"width:100%\" border=\"0\" cellspacing=\"0\" cellpadding=\"0\">\n<colgroup>\n<col width=\"160\"\/>\n<col \/><\/colgroup>\n<tr>\n<td>&nbsp;<\/td>\n<td>Erfasst *RK* 08.11.2015 von<\/td>\n<\/tr>\n<tr>\n<td>&nbsp;<\/td>\n<td>Katja Brenner<\/td>\n<\/tr>\n<\/table>\n<h3 style=\"margin-top:0.8em; margin-bottom:0.2em; color:#8B4513; font-size:110%; font-weight:bold\">Zubereitung<\/h3>\n<p>Backofen auf 220 Grad (Umluft 200 Grad) vorheizen. Kartoffeln sch&auml;len, in 1 cm gro&szlig;e W&uuml;rfel schneiden. Knoblauch abziehen und durchpressen. Mit den Kartoffeln, Kurkuma und 2 EL Oliven&ouml;l in einer Sch&uuml;ssel mischen. Mit Salz, Pfeffer und 1 EL Rosmarin w&uuml;rzen.<\/p>\n<p>Pastinaken sch&auml;len und in 1 cm gro&szlig;e W&uuml;rfel schneiden. Mit restlichem &Ouml;l (2 EL) und Paprikapulver mischen. Mit Salz und Pfeffer w&uuml;rzen. Ein Backblech mit Backpapier belegen. Kartoffeln und Pastinaken darauf verteilen und auf mittlerer H&ouml;he 15 Min. garen.<\/p>\n<p>Den Bl&auml;tterteig ausrollen. Das Gem&uuml;se mit 2 EL Pflanzenmilch gut durchmischen. Die Kartoffeln k&ouml;nnen dabei ruhig etwas auseinanderfallen, dann h&auml;lt die F&uuml;llung besser zusammen. Bl&auml;tterteig mehrmals mit einer Gabel einstechen. F&uuml;llung darauf verteilen. Dabei rundherum 3 cm Rand frei lassen. Von der L&auml;ngsseite her fest zu einem Strudel aufrollen. Die R&auml;nder unter den Strudel umschlagen. Auf ein mit Backpapier belegtes Backblech geben. Mit restlicher Pflanzenmilch einstreichen und mit 1 EL Rosmarin bestreuen. Auf der untersten Schiene ca. 25 Minuten goldbraun backen.<\/p>\n<p>:Gesamtzeit: ca. 35 Min. + 25 Min. Backzeit<br \/>\n:Pro Portion 470 kcal, F: 33 g, E: 6 g, KH: 37 g<\/p>\n<p>:Katja: nicht zu dicht und oft einstechen, sonst rei&szlig;t der Teig.<br \/>\n:Katja: wir haben den Strudel zu dritt gegessen und h&auml;tten auch noch mehr geschafft<\/p>\n<p>=====<\/p>\n<\/div>\n","protected":false},"excerpt":{"rendered":"<p>An Strudel habe ich mich noch nie rangewagt, aber es wurde mal Zeit, denn das Rezept von Schrot&#038;Korn klang sehr lecker. Verwendet wurde (veganer) Bl\u00e4tterteig, aber ich k\u00f6nnte mir das Gericht auch mit (Fertig)Strudelteig vorstellen. Die Zubereitung ist nicht schwer. Ich habe es mit dem Einstechen des Bl\u00e4tterteigs sehr gut gemeint und er ist beim &hellip; <\/p>\n<p class=\"link-more\"><a href=\"https:\/\/www.fambrenner.de\/Kaffeebohne\/wordpress\/2022\/01\/06\/veggie-tag-pastinaken-kartoffel-strudel\/\" class=\"more-link\"><span class=\"screen-reader-text\">\u201eVeggie-Tag: Pastinaken-Kartoffel-Strudel\u201c<\/span> weiterlesen<\/a><\/p>\n","protected":false},"author":2,"featured_media":0,"comment_status":"open","ping_status":"open","sticky":false,"template":"","format":"standard","meta":{"_jetpack_memberships_contains_paid_content":false,"footnotes":""},"categories":[9,19,124,10],"tags":[446,197,561,307],"jetpack_sharing_enabled":true,"jetpack_featured_media_url":"","_links":{"self":[{"href":"https:\/\/www.fambrenner.de\/Kaffeebohne\/wordpress\/wp-json\/wp\/v2\/posts\/12260"}],"collection":[{"href":"https:\/\/www.fambrenner.de\/Kaffeebohne\/wordpress\/wp-json\/wp\/v2\/posts"}],"about":[{"href":"https:\/\/www.fambrenner.de\/Kaffeebohne\/wordpress\/wp-json\/wp\/v2\/types\/post"}],"author":[{"embeddable":true,"href":"https:\/\/www.fambrenner.de\/Kaffeebohne\/wordpress\/wp-json\/wp\/v2\/users\/2"}],"replies":[{"embeddable":true,"href":"https:\/\/www.fambrenner.de\/Kaffeebohne\/wordpress\/wp-json\/wp\/v2\/comments?post=12260"}],"version-history":[{"count":2,"href":"https:\/\/www.fambrenner.de\/Kaffeebohne\/wordpress\/wp-json\/wp\/v2\/posts\/12260\/revisions"}],"predecessor-version":[{"id":12262,"href":"https:\/\/www.fambrenner.de\/Kaffeebohne\/wordpress\/wp-json\/wp\/v2\/posts\/12260\/revisions\/12262"}],"wp:attachment":[{"href":"https:\/\/www.fambrenner.de\/Kaffeebohne\/wordpress\/wp-json\/wp\/v2\/media?parent=12260"}],"wp:term":[{"taxonomy":"category","embeddable":true,"href":"https:\/\/www.fambrenner.de\/Kaffeebohne\/wordpress\/wp-json\/wp\/v2\/categories?post=12260"},{"taxonomy":"post_tag","embeddable":true,"href":"https:\/\/www.fambrenner.de\/Kaffeebohne\/wordpress\/wp-json\/wp\/v2\/tags?post=12260"}],"curies":[{"name":"wp","href":"https:\/\/api.w.org\/{rel}","templated":true}]}}