{"id":12202,"date":"2021-12-14T12:00:55","date_gmt":"2021-12-14T11:00:55","guid":{"rendered":"https:\/\/www.fambrenner.de\/Kaffeebohne\/wordpress\/?p=12202"},"modified":"2021-12-13T11:10:02","modified_gmt":"2021-12-13T10:10:02","slug":"ramen-mit-erdnuss-kokosmilch-bruehe","status":"publish","type":"post","link":"https:\/\/www.fambrenner.de\/Kaffeebohne\/wordpress\/2021\/12\/14\/ramen-mit-erdnuss-kokosmilch-bruehe\/","title":{"rendered":"Ramen mit Erdnuss-Kokosmilch-Br\u00fche"},"content":{"rendered":"<p>Dieses Rezept habt ihr schon des \u00f6fteren in meinem Wochenplan gesehen. Die Suppe ist einfach zuzubereiten, bei meiner Tochter sehr beliebt und eignet sich hervorragend Gem\u00fcsereste zu verarbeiten. <\/p>\n<p>Ich versuche keine Lebensmittel wegzuwerfen, aber ab und zu passiert es dann doch, dass etwas vergessen geht und das \u00e4rgert mich dann sehr. Oft koche ich dann doch nach Rezepten f\u00fcr vier Personen. Manchmal schaffen wir die ganze Portion, oder es bleibt was \u00fcbrig. Entweder isst das dann einer von uns am n\u00e4chsten Tag als Hauptspeise oder wir frieren es ein. Das finde ich bei Aufl\u00e4ufen, Risotto oder Pasta-Gerichten eher schwierig. Aber ich arbeite daran&#8230;<\/p>\n<p>Sojasprossen habe ich leider keine frischen bekommen und meine Tochter isst nicht so gerne Bohnen, deshalb gab es Zuckerschoten. Da diese immer einen langen Weg hinter sich haben, gibt es die bei uns nicht so oft. Brokkoli und Blumenkohl passen auch sehr gut dazu.<\/p>\n<div style=\"background:#fff; padding:0.5em; cursor:text; \">\n<!-- Tabelle f\u00fcr Rezeptkopf --><\/p>\n<table style=\"width:100%\" border=\"0\" cellspacing=\"0\" cellpadding=\"0\">\n<colgroup>\n<col width=\"160\"\/>\n<col \/><\/colgroup>\n<tr valign=\"top\">\n<td style=\"height:2em\">==========<\/td>\n<td>REZKONV-Rezept &#8211; RezkonvSuite v1.4<\/td>\n<\/tr>\n<tr>\n<td style=\"color:#fff\">Titel:<\/td>\n<td style=\"color:#8B4513; font-size:140%; font-weight:bold\">Ramen mit Erdnuss-Kokosmilch-Br&uuml;he<\/td>\n<\/tr>\n<tr>\n<td style=\"color:#fff\">Kategorien:<\/td>\n<td>Suppe, Ramen, Vegetarisch, Nudeln, Gem&uuml;se<\/td>\n<\/tr>\n<tr>\n<td style=\"color:#fff\">Menge:<\/td>\n<td>4 Portionen<\/td>\n<\/tr>\n<\/table>\n<p><!-- Ende Rezeptkopf --><\/p>\n<p style=\"margin:1.0em 0; text-align:center\"><img decoding=\"async\" src=\"https:\/\/www.fambrenner.de\/Fotoblog\/Ramen mit Erdnuss-Kokosmilch-Bruehe.jpg\"\/><\/p>\n<h3 style=\"margin-top:0.8em; margin-bottom:0.2em; color:#8B4513; font-size:110%; font-weight:bold\">Zutaten<\/h3>\n<table style=\"width:100%\" border=\"0\" cellspacing=\"0\" cellpadding=\"0\">\n<colgroup>\n<col width=\"60\"\/>\n<col width=\"92\"\/>\n<col width=\"8\"\/>\n<col \/><\/colgroup>\n<tr valign=\"top\">\n<td align=\"right\">2<\/td>\n<td>&nbsp;<\/td>\n<td>&nbsp;<\/td>\n<td>Knoblauchzehen<\/td>\n<\/tr>\n<tr valign=\"top\">\n<td align=\"right\">20<\/td>\n<td align=\"right\">Gramm<\/td>\n<td>&nbsp;<\/td>\n<td>Ingwer<\/td>\n<\/tr>\n<tr valign=\"top\">\n<td align=\"right\">1<\/td>\n<td align=\"right\">Essl.<\/td>\n<td>&nbsp;<\/td>\n<td>&Ouml;l<\/td>\n<\/tr>\n<tr valign=\"top\">\n<td align=\"right\">1-2<\/td>\n<td align=\"right\">Teel.<\/td>\n<td>&nbsp;<\/td>\n<td>Rote Currypaste<\/td>\n<\/tr>\n<tr valign=\"top\">\n<td align=\"right\">4<\/td>\n<td align=\"right\">Essl.<\/td>\n<td>&nbsp;<\/td>\n<td>Sojasauce<\/td>\n<\/tr>\n<tr valign=\"top\">\n<td align=\"right\">400<\/td>\n<td align=\"right\">ml<\/td>\n<td>&nbsp;<\/td>\n<td>Kokosmilch<\/td>\n<\/tr>\n<tr valign=\"top\">\n<td align=\"right\">900<\/td>\n<td align=\"right\">ml<\/td>\n<td>&nbsp;<\/td>\n<td>Gem&uuml;sebr&uuml;he<\/td>\n<\/tr>\n<tr valign=\"top\">\n<td align=\"right\">150<\/td>\n<td align=\"right\">Gramm<\/td>\n<td>&nbsp;<\/td>\n<td>Gr&uuml;ne Bohnen<\/td>\n<\/tr>\n<tr valign=\"top\">\n<td align=\"right\">150<\/td>\n<td align=\"right\">Gramm<\/td>\n<td>&nbsp;<\/td>\n<td>Sojasprossen<\/td>\n<\/tr>\n<tr valign=\"top\">\n<td>&nbsp;<\/td>\n<td>&nbsp;<\/td>\n<td>&nbsp;<\/td>\n<td>Salz<\/td>\n<\/tr>\n<tr valign=\"top\">\n<td align=\"right\">120<\/td>\n<td align=\"right\">Gramm<\/td>\n<td>&nbsp;<\/td>\n<td>Erdnusscreme<\/td>\n<\/tr>\n<tr valign=\"top\">\n<td align=\"right\">3<\/td>\n<td>&nbsp;<\/td>\n<td>&nbsp;<\/td>\n<td>Lauchzwiebeln<\/td>\n<\/tr>\n<tr valign=\"top\">\n<td align=\"right\">4-8<\/td>\n<td align=\"right\">Essl.<\/td>\n<td>&nbsp;<\/td>\n<td>Ger&ouml;stete Erdn&uuml;sse<\/td>\n<\/tr>\n<tr valign=\"top\">\n<td align=\"right\">1<\/td>\n<td>&nbsp;<\/td>\n<td>&nbsp;<\/td>\n<td>Rote Chilischote<\/td>\n<\/tr>\n<tr valign=\"top\">\n<td align=\"right\">360<\/td>\n<td align=\"right\">Gramm<\/td>\n<td>&nbsp;<\/td>\n<td>Ramen- oder Mie Nudeln<\/td>\n<\/tr>\n<tr valign=\"top\">\n<td align=\"right\">1-2<\/td>\n<td align=\"right\">Essl.<\/td>\n<td>&nbsp;<\/td>\n<td>Limettensaft<\/td>\n<\/tr>\n<\/table>\n<h3 style=\"margin-top:0.8em; margin-bottom:0.2em; color:#8B4513; font-size:110%; font-weight:bold\">Quelle<\/h3>\n<table style=\"width:100%\" border=\"0\" cellspacing=\"0\" cellpadding=\"0\">\n<colgroup>\n<col width=\"100\"\/>\n<col \/><\/colgroup>\n<tr>\n<td>&nbsp;<\/td>\n<td>mit Liebe 04\/2021, Seite 60<\/td>\n<\/tr>\n<\/table>\n<table style=\"width:100%\" border=\"0\" cellspacing=\"0\" cellpadding=\"0\">\n<colgroup>\n<col width=\"160\"\/>\n<col \/><\/colgroup>\n<tr>\n<td>&nbsp;<\/td>\n<td>Erfasst *RK* 25.07.2021 von<\/td>\n<\/tr>\n<tr>\n<td>&nbsp;<\/td>\n<td>Katja Brenner<\/td>\n<\/tr>\n<\/table>\n<h3 style=\"margin-top:0.8em; margin-bottom:0.2em; color:#8B4513; font-size:110%; font-weight:bold\">Zubereitung<\/h3>\n<p>1. Knoblauch und Ingwer sch&auml;len und fein hacken. Das &Ouml;l in einem Topf erhitzen. Knoblauch und Ingwer darin abraten. Die Currypaste dazugeben und unter R&uuml;hren 1 min mitbraten. Mit der Sojasauce abl&ouml;schen. Kokosnussmilch und Gem&uuml;sebr&uuml;he zuf&uuml;gen, aufkochen und bei mittlerer Hitze ca. 10 min k&ouml;cheln lassen.<\/p>\n<p>2. Die Bohnen putzen, waschen und l&auml;ngs halbieren. Die Sojaspreossen waschen und abtropfen lassen. Bohnen in kochendem Salzwasser ca. 5 min garen. Sprossen 2 min vor Garzeitende zugeben. Abgie&szlig;en, abschrecken und abtropfen lassen.<\/p>\n<p>3. Die Erdnusscreme zum Fond geben, unterr&uuml;hren und weitere 5 min k&ouml;cheln lassen. Anschlie&szlig;end warm halten.<\/p>\n<p>4. Lauchzwiebeln putzen, waschen, schr&auml;g in d&uuml;nne Scheiben schneiden und in kaltes Wasser legen. Die Erdn&uuml;sse grob hacken. Die Chilischote l&auml;ngs halbieren, entkernen und hacken. Die Nudeln nach Packungsanweisung in kochendem Wasser garen.<\/p>\n<p>5. Bohnen und Sprossen in den Fond geben, aufkochen. Den Fond mit Limettensaft abschmecken un in Schalen f&uuml;llen. Die Nudeln im Sieb abtropfen lassen und auf die Schalen verteilen. Mit Erdn&uuml;ssen, Chili und Lauchzwiebeln bestreut servieren.<\/p>\n<p>=====<\/p>\n<\/div>\n","protected":false},"excerpt":{"rendered":"<p>Dieses Rezept habt ihr schon des \u00f6fteren in meinem Wochenplan gesehen. Die Suppe ist einfach zuzubereiten, bei meiner Tochter sehr beliebt und eignet sich hervorragend Gem\u00fcsereste zu verarbeiten. Ich versuche keine Lebensmittel wegzuwerfen, aber ab und zu passiert es dann doch, dass etwas vergessen geht und das \u00e4rgert mich dann sehr. Oft koche ich dann &hellip; <\/p>\n<p class=\"link-more\"><a href=\"https:\/\/www.fambrenner.de\/Kaffeebohne\/wordpress\/2021\/12\/14\/ramen-mit-erdnuss-kokosmilch-bruehe\/\" class=\"more-link\"><span class=\"screen-reader-text\">\u201eRamen mit Erdnuss-Kokosmilch-Br\u00fche\u201c<\/span> weiterlesen<\/a><\/p>\n","protected":false},"author":2,"featured_media":0,"comment_status":"open","ping_status":"open","sticky":false,"template":"","format":"standard","meta":{"_jetpack_memberships_contains_paid_content":false,"footnotes":""},"categories":[9,27,17,10],"tags":[407,439,365,431,474,440],"jetpack_sharing_enabled":true,"jetpack_featured_media_url":"","_links":{"self":[{"href":"https:\/\/www.fambrenner.de\/Kaffeebohne\/wordpress\/wp-json\/wp\/v2\/posts\/12202"}],"collection":[{"href":"https:\/\/www.fambrenner.de\/Kaffeebohne\/wordpress\/wp-json\/wp\/v2\/posts"}],"about":[{"href":"https:\/\/www.fambrenner.de\/Kaffeebohne\/wordpress\/wp-json\/wp\/v2\/types\/post"}],"author":[{"embeddable":true,"href":"https:\/\/www.fambrenner.de\/Kaffeebohne\/wordpress\/wp-json\/wp\/v2\/users\/2"}],"replies":[{"embeddable":true,"href":"https:\/\/www.fambrenner.de\/Kaffeebohne\/wordpress\/wp-json\/wp\/v2\/comments?post=12202"}],"version-history":[{"count":3,"href":"https:\/\/www.fambrenner.de\/Kaffeebohne\/wordpress\/wp-json\/wp\/v2\/posts\/12202\/revisions"}],"predecessor-version":[{"id":12205,"href":"https:\/\/www.fambrenner.de\/Kaffeebohne\/wordpress\/wp-json\/wp\/v2\/posts\/12202\/revisions\/12205"}],"wp:attachment":[{"href":"https:\/\/www.fambrenner.de\/Kaffeebohne\/wordpress\/wp-json\/wp\/v2\/media?parent=12202"}],"wp:term":[{"taxonomy":"category","embeddable":true,"href":"https:\/\/www.fambrenner.de\/Kaffeebohne\/wordpress\/wp-json\/wp\/v2\/categories?post=12202"},{"taxonomy":"post_tag","embeddable":true,"href":"https:\/\/www.fambrenner.de\/Kaffeebohne\/wordpress\/wp-json\/wp\/v2\/tags?post=12202"}],"curies":[{"name":"wp","href":"https:\/\/api.w.org\/{rel}","templated":true}]}}