{"id":11760,"date":"2021-09-07T15:46:12","date_gmt":"2021-09-07T13:46:12","guid":{"rendered":"https:\/\/www.fambrenner.de\/Kaffeebohne\/wordpress\/?p=11760"},"modified":"2021-09-07T15:56:10","modified_gmt":"2021-09-07T13:56:10","slug":"zucchinipuffer-mit-kraeuterquark","status":"publish","type":"post","link":"https:\/\/www.fambrenner.de\/Kaffeebohne\/wordpress\/2021\/09\/07\/zucchinipuffer-mit-kraeuterquark\/","title":{"rendered":"Zucchinipuffer mit Kr\u00e4uterquark"},"content":{"rendered":"<p>Bei manchen soll es ja eine Zucchinischwemme gegeben haben &#8211; bei mir wieder nicht. Die Pfl\u00e4nzchen liefen sogar unter wei\u00dfe Zucchini und waren aus dem T\u00fcrkischen Supermarkt. Erst haben sich die Schnecken dar\u00fcber hergemacht und dann waren sie wohl einfach zu eng gepflanzt. Aber mit den Gurken ging es mir auch nicht besser.<\/p>\n<p>Bei <a href=\"https:\/\/www.homemade-baked.de\/2021\/08\/zucchinipuffer.html\" rel=\"noopener noreferrer\" target=\"_blank\">Bettina (von homemade and baked)<\/a> habe ich ein tolles Zucchinirezept gesehen. Leider mag meine Tochter nicht so gerne Zucchini. Ich habe ihr dann mal kurzer Hand die Zucchinipuffer gebacken und ihr erst danach gesagt, was da drinnen ist und in dieser Darreichungsform gehen sie jetzt auch. Wir tasten uns langsam voran und vielleicht gehen ja Auberginen doch irgendwann einmal.<\/p>\n<p>Die Puffer schmecken sehr fein und haben auch Dank des Parmesans eine gute Bindung. Oft geht es mir bei den Puffern so, dass sie dann auseinanderfallen. Aber das war bei diesen hier \u00fcberhaupt nicht der Fall. Vielleicht sollte ich alle anderen Gem\u00fcsepuffer zuk\u00fcnftig auch mit Parmesan zubereiten.<\/p>\n<div style=\"background:#fff; padding:0.5em; cursor:text; \">\n<!-- Tabelle f\u00fcr Rezeptkopf --><\/p>\n<table style=\"width:100%\" border=\"0\" cellspacing=\"0\" cellpadding=\"0\">\n<colgroup>\n<col width=\"160\"\/>\n<col \/><\/colgroup>\n<tr valign=\"top\">\n<td style=\"height:2em\">==========<\/td>\n<td>REZKONV-Rezept &#8211; RezkonvSuite v1.4<\/td>\n<\/tr>\n<tr>\n<td style=\"color:#fff\">Titel:<\/td>\n<td style=\"color:#8B4513; font-size:140%; font-weight:bold\">Zucchinipuffer mit Kr&auml;uterquark<\/td>\n<\/tr>\n<tr>\n<td style=\"color:#fff\">Kategorien:<\/td>\n<td>Gem&uuml;se, Vegetarisch, Zucchini<\/td>\n<\/tr>\n<tr>\n<td style=\"color:#fff\">Menge:<\/td>\n<td>2 Portionen<\/td>\n<\/tr>\n<\/table>\n<p><!-- Ende Rezeptkopf --><\/p>\n<p style=\"margin:1.0em 0; text-align:center\"><img decoding=\"async\" src=\"https:\/\/www.fambrenner.de\/Fotoblog\/Zucchinipuffer mit Kraueterquark.jpg\"\/><\/p>\n<h3 style=\"margin-top:0.8em; margin-bottom:0.2em; color:#8B4513; font-size:110%; font-weight:bold\">Zutaten<\/h3>\n<table style=\"width:100%\" border=\"0\" cellspacing=\"0\" cellpadding=\"0\">\n<colgroup>\n<col width=\"60\"\/>\n<col width=\"92\"\/>\n<col width=\"8\"\/>\n<col \/><\/colgroup>\n<tr>\n<td colspan=\"3\" style=\"color:#fff\">H<\/td>\n<td style=\"color:#000; font-size:100%; font-weight:bold\">F&Uuml;R DIE ZUCCHINIPUFFER<\/td>\n<\/tr>\n<tr valign=\"top\">\n<td align=\"right\">1<\/td>\n<td>&nbsp;<\/td>\n<td>&nbsp;<\/td>\n<td>Zucchini (ca. 150 &#8211; 200 g)<\/td>\n<\/tr>\n<tr valign=\"top\">\n<td align=\"right\">1<\/td>\n<td align=\"right\">gro&szlig;.<\/td>\n<td>&nbsp;<\/td>\n<td>Ei<\/td>\n<\/tr>\n<tr valign=\"top\">\n<td align=\"right\">2<\/td>\n<td align=\"right\">Essl.<\/td>\n<td>&nbsp;<\/td>\n<td>Mehl (ggf. etwas mehr)<\/td>\n<\/tr>\n<tr valign=\"top\">\n<td align=\"right\">1<\/td>\n<td>&nbsp;<\/td>\n<td>&nbsp;<\/td>\n<td>Fr&uuml;hlingszwiebel<\/td>\n<\/tr>\n<tr valign=\"top\">\n<td align=\"right\">30<\/td>\n<td align=\"right\">Gramm<\/td>\n<td>&nbsp;<\/td>\n<td>Parmesan (oder Pecorino) frisch gerieben<\/td>\n<\/tr>\n<tr valign=\"top\">\n<td align=\"right\">1\/4<\/td>\n<td align=\"right\">Teel.<\/td>\n<td>&nbsp;<\/td>\n<td>Salz<\/td>\n<\/tr>\n<tr valign=\"top\">\n<td>&nbsp;<\/td>\n<td align=\"right\">Etwas<\/td>\n<td>&nbsp;<\/td>\n<td>Pfeffer<\/td>\n<\/tr>\n<tr valign=\"top\">\n<td>&nbsp;<\/td>\n<td>&nbsp;<\/td>\n<td>&nbsp;<\/td>\n<td>&Ouml;l zum Braten<\/td>\n<\/tr>\n<tr style=\"height:1.9em; vertical-align:bottom;\">\n<td colspan=\"3\" style=\"color:#fff\">H<\/td>\n<td style=\"color:#000; font-size:100%; font-weight:bold\">F&Uuml;R DEN KR&Auml;UTERQUARK<\/td>\n<\/tr>\n<tr valign=\"top\">\n<td align=\"right\">100-150<\/td>\n<td align=\"right\">Gramm<\/td>\n<td>&nbsp;<\/td>\n<td>Magerquark<\/td>\n<\/tr>\n<tr valign=\"top\">\n<td>&nbsp;<\/td>\n<td>&nbsp;<\/td>\n<td>&nbsp;<\/td>\n<td>Frisch gehackte Kr&auml;uter (bei mir Petersilie und Schnittlauch)<\/td>\n<\/tr>\n<tr valign=\"top\">\n<td align=\"right\">1<\/td>\n<td>&nbsp;<\/td>\n<td>&nbsp;<\/td>\n<td>Knoblauchzehe<\/td>\n<\/tr>\n<tr valign=\"top\">\n<td>&nbsp;<\/td>\n<td>&nbsp;<\/td>\n<td>&nbsp;<\/td>\n<td>Salz, Pfeffer<\/td>\n<\/tr>\n<\/table>\n<h3 style=\"margin-top:0.8em; margin-bottom:0.2em; color:#8B4513; font-size:110%; font-weight:bold\">Quelle<\/h3>\n<table style=\"width:100%\" border=\"0\" cellspacing=\"0\" cellpadding=\"0\">\n<colgroup>\n<col width=\"100\"\/>\n<col \/><\/colgroup>\n<tr>\n<td>&nbsp;<\/td>\n<td>homemade and baked dd. 17.08.2021<\/td>\n<\/tr>\n<\/table>\n<table style=\"width:100%\" border=\"0\" cellspacing=\"0\" cellpadding=\"0\">\n<colgroup>\n<col width=\"160\"\/>\n<col \/><\/colgroup>\n<tr>\n<td>&nbsp;<\/td>\n<td>Erfasst *RK* 18.08.2021 von<\/td>\n<\/tr>\n<tr>\n<td>&nbsp;<\/td>\n<td>Katja Brenner<\/td>\n<\/tr>\n<\/table>\n<h3 style=\"margin-top:0.8em; margin-bottom:0.2em; color:#8B4513; font-size:110%; font-weight:bold\">Zubereitung<\/h3>\n<p>F&uuml;r die Zucchinipuffer die Zucchini raspeln und gut ausdr&uuml;cken. Fl&uuml;ssigkeit wegsch&uuml;tten. Fr&uuml;hlingszwiebel in feine Ringe schneiden. Zucchini und Fr&uuml;hlingszwiebeln mit Ei, Mehl und frisch geriebenem Parmesan in eine Sch&uuml;ssel geben und gut verr&uuml;hren. Ist der Teig zu fl&uuml;ssig, noch etwas Mehl hinzuf&uuml;gen und verr&uuml;hren.<\/p>\n<p>Eine Pfanne mit etwas &Ouml;l erhitzen. Zucchiniteig Essl&ouml;ffelweise hinein geben und etwas flach dr&uuml;cken. Die Puffer unter Wenden fertig braten und anschlie&szlig;end auf K&uuml;chenpapier abtropfen lassen.<\/p>\n<p>F&uuml;r den Kr&auml;uterquark Magerquark mit fein gehackten Kr&auml;utern und einer gepressten Knoblauchzehe verr&uuml;hren. Mit Salz und Pfeffer abschmecken. Als Dip zu den Zucchinipuffern reichen.<\/p>\n<p>=====<\/p>\n<\/div>\n","protected":false},"excerpt":{"rendered":"<p>Bei manchen soll es ja eine Zucchinischwemme gegeben haben &#8211; bei mir wieder nicht. Die Pfl\u00e4nzchen liefen sogar unter wei\u00dfe Zucchini und waren aus dem T\u00fcrkischen Supermarkt. Erst haben sich die Schnecken dar\u00fcber hergemacht und dann waren sie wohl einfach zu eng gepflanzt. Aber mit den Gurken ging es mir auch nicht besser. Bei Bettina &hellip; <\/p>\n<p class=\"link-more\"><a href=\"https:\/\/www.fambrenner.de\/Kaffeebohne\/wordpress\/2021\/09\/07\/zucchinipuffer-mit-kraeuterquark\/\" class=\"more-link\"><span class=\"screen-reader-text\">\u201eZucchinipuffer mit Kr\u00e4uterquark\u201c<\/span> weiterlesen<\/a><\/p>\n","protected":false},"author":2,"featured_media":0,"comment_status":"open","ping_status":"open","sticky":false,"template":"","format":"standard","meta":{"_jetpack_memberships_contains_paid_content":false,"footnotes":""},"categories":[9,10],"tags":[439,170,371,440,47],"jetpack_sharing_enabled":true,"jetpack_featured_media_url":"","_links":{"self":[{"href":"https:\/\/www.fambrenner.de\/Kaffeebohne\/wordpress\/wp-json\/wp\/v2\/posts\/11760"}],"collection":[{"href":"https:\/\/www.fambrenner.de\/Kaffeebohne\/wordpress\/wp-json\/wp\/v2\/posts"}],"about":[{"href":"https:\/\/www.fambrenner.de\/Kaffeebohne\/wordpress\/wp-json\/wp\/v2\/types\/post"}],"author":[{"embeddable":true,"href":"https:\/\/www.fambrenner.de\/Kaffeebohne\/wordpress\/wp-json\/wp\/v2\/users\/2"}],"replies":[{"embeddable":true,"href":"https:\/\/www.fambrenner.de\/Kaffeebohne\/wordpress\/wp-json\/wp\/v2\/comments?post=11760"}],"version-history":[{"count":5,"href":"https:\/\/www.fambrenner.de\/Kaffeebohne\/wordpress\/wp-json\/wp\/v2\/posts\/11760\/revisions"}],"predecessor-version":[{"id":11765,"href":"https:\/\/www.fambrenner.de\/Kaffeebohne\/wordpress\/wp-json\/wp\/v2\/posts\/11760\/revisions\/11765"}],"wp:attachment":[{"href":"https:\/\/www.fambrenner.de\/Kaffeebohne\/wordpress\/wp-json\/wp\/v2\/media?parent=11760"}],"wp:term":[{"taxonomy":"category","embeddable":true,"href":"https:\/\/www.fambrenner.de\/Kaffeebohne\/wordpress\/wp-json\/wp\/v2\/categories?post=11760"},{"taxonomy":"post_tag","embeddable":true,"href":"https:\/\/www.fambrenner.de\/Kaffeebohne\/wordpress\/wp-json\/wp\/v2\/tags?post=11760"}],"curies":[{"name":"wp","href":"https:\/\/api.w.org\/{rel}","templated":true}]}}