{"id":11552,"date":"2021-06-13T12:00:57","date_gmt":"2021-06-13T10:00:57","guid":{"rendered":"https:\/\/www.fambrenner.de\/Kaffeebohne\/wordpress\/?p=11552"},"modified":"2021-06-12T21:40:05","modified_gmt":"2021-06-12T19:40:05","slug":"gruenes-spargelrisotto-mit-walnuessen","status":"publish","type":"post","link":"https:\/\/www.fambrenner.de\/Kaffeebohne\/wordpress\/2021\/06\/13\/gruenes-spargelrisotto-mit-walnuessen\/","title":{"rendered":"Gr\u00fcnes Spargelrisotto mit Waln\u00fcssen"},"content":{"rendered":"<p>Es gab in dieser Spargelsaison schon einiges an Spargel, aber ich gehe immer weiter auf die Suche nach leckeren Rezepten.<\/p>\n<p>Auf <a href=\"https:\/\/www.instagram.com\/evchenkocht\/\" rel=\"noopener noreferrer\" target=\"_blank\">Insta hatte ich bei Eva von Evchen<\/a> kocht ein Spargelrezept gesehen &#8211; mit dem Hinweis, dass es auf ihrem Blog noch weitere Spargelrezepte g\u00e4be. Beim St\u00f6bern bin ich auf das Rezept vom <a href=\"https:\/\/evchenkocht.de\/gruenes-spargelrisotto-mit-walnuessen\/\" rel=\"noopener noreferrer\" target=\"_blank\">Gr\u00fcnen Spargelrisotto mit Waln\u00fcssen<\/a> gesto\u00dfen und das gab es dann bei uns auch. <\/p>\n<p>Das Risotto war sehr lecker. Das darf es gerne wieder geben. Mit dem Nachkochen muss man sich beeilen, die Johannisnacht naht&#8230;<\/p>\n<div style=\" background:#fff; padding:0.5em; cursor:text; \">\n<!-- Tabelle f\u00fcr Rezeptkopf --><\/p>\n<table style=\"width:100%\" border=\"0\" cellspacing=\"0\" cellpadding=\"0\">\n<colgroup>\n<col width=\"160\"\/>\n<col \/><\/colgroup>\n<tr valign=\"top\">\n<td style=\"height:2em\">==========<\/td>\n<td>REZKONV-Rezept &#8211; RezkonvSuite v1.4<\/td>\n<\/tr>\n<tr>\n<td style=\"color:#fff\">Titel:<\/td>\n<td style=\"color:#8B4513; font-size:140%; font-weight:bold\">Gr&uuml;nes Spargelrisotto mit Waln&uuml;ssen<\/td>\n<\/tr>\n<tr>\n<td style=\"color:#fff\">Kategorien:<\/td>\n<td>Risotto, Spargel, Vegetarisch, N&uuml;sse<\/td>\n<\/tr>\n<tr>\n<td style=\"color:#fff\">Menge:<\/td>\n<td>2 Portionen<\/td>\n<\/tr>\n<\/table>\n<p><!-- Ende Rezeptkopf --><\/p>\n<p style=\"margin:1.0em 0; text-align:center\"><img decoding=\"async\" src=\"https:\/\/www.fambrenner.de\/Fotoblog\/Gruener Spargelrisotto mit Walnuessen.jpg\"\/><\/p>\n<h3 style=\"margin-top:0.8em; margin-bottom:0.2em; color:#8B4513; font-size:110%; font-weight:bold\">Zutaten<\/h3>\n<table style=\"width:100%\" border=\"0\" cellspacing=\"0\" cellpadding=\"0\">\n<colgroup>\n<col width=\"60\"\/>\n<col width=\"92\"\/>\n<col width=\"8\"\/>\n<col \/><\/colgroup>\n<tr valign=\"top\">\n<td align=\"right\">1<\/td>\n<td>&nbsp;<\/td>\n<td>&nbsp;<\/td>\n<td>Schalotte<\/td>\n<\/tr>\n<tr valign=\"top\">\n<td align=\"right\">250<\/td>\n<td align=\"right\">Gramm<\/td>\n<td>&nbsp;<\/td>\n<td>Risottoreis<\/td>\n<\/tr>\n<tr valign=\"top\">\n<td align=\"right\">100<\/td>\n<td align=\"right\">ml<\/td>\n<td>&nbsp;<\/td>\n<td>Trockener Wei&szlig;wein<\/td>\n<\/tr>\n<tr valign=\"top\">\n<td align=\"right\">3\/4-1<\/td>\n<td align=\"right\">Ltr.<\/td>\n<td>&nbsp;<\/td>\n<td>Gem&uuml;sebr&uuml;he (je nach Bedarf)<\/td>\n<\/tr>\n<tr valign=\"top\">\n<td align=\"right\">500<\/td>\n<td align=\"right\">Gramm<\/td>\n<td>&nbsp;<\/td>\n<td>Frischer, gr&uuml;ner Spargel (ungeputzt gewogen)<\/td>\n<\/tr>\n<tr valign=\"top\">\n<td align=\"right\">2<\/td>\n<td>&nbsp;<\/td>\n<td>&nbsp;<\/td>\n<td>Lauchzwiebeln mit Gr&uuml;n<\/td>\n<\/tr>\n<tr valign=\"top\">\n<td align=\"right\">1<\/td>\n<td align=\"right\">Essl.<\/td>\n<td>&nbsp;<\/td>\n<td>Oliven&ouml;l<\/td>\n<\/tr>\n<tr valign=\"top\">\n<td>&nbsp;<\/td>\n<td>&nbsp;<\/td>\n<td>&nbsp;<\/td>\n<td>Pfeffer aus der M&uuml;hle<\/td>\n<\/tr>\n<tr valign=\"top\">\n<td>&nbsp;<\/td>\n<td>&nbsp;<\/td>\n<td>&nbsp;<\/td>\n<td>Salz<\/td>\n<\/tr>\n<tr valign=\"top\">\n<td align=\"right\">1<\/td>\n<td align=\"right\">Essl.<\/td>\n<td>&nbsp;<\/td>\n<td>Butter<\/td>\n<\/tr>\n<tr valign=\"top\">\n<td>&nbsp;<\/td>\n<td align=\"right\">Etwas<\/td>\n<td>&nbsp;<\/td>\n<td>Butter zum Anbraten des Spargels<\/td>\n<\/tr>\n<tr valign=\"top\">\n<td align=\"right\">25<\/td>\n<td align=\"right\">Gramm<\/td>\n<td>&nbsp;<\/td>\n<td>Frisch geriebener Parmesan<\/td>\n<\/tr>\n<tr valign=\"top\">\n<td align=\"right\">1<\/td>\n<td align=\"right\">Handvoll<\/td>\n<td>&nbsp;<\/td>\n<td>Walnusskerne<\/td>\n<\/tr>\n<\/table>\n<h3 style=\"margin-top:0.8em; margin-bottom:0.2em; color:#8B4513; font-size:110%; font-weight:bold\">Quelle<\/h3>\n<table style=\"width:100%\" border=\"0\" cellspacing=\"0\" cellpadding=\"0\">\n<colgroup>\n<col width=\"100\"\/>\n<col \/><\/colgroup>\n<tr>\n<td>&nbsp;<\/td>\n<td>evchen kocht dd. 05.06.2016<\/td>\n<\/tr>\n<\/table>\n<table style=\"width:100%\" border=\"0\" cellspacing=\"0\" cellpadding=\"0\">\n<colgroup>\n<col width=\"160\"\/>\n<col \/><\/colgroup>\n<tr>\n<td>&nbsp;<\/td>\n<td>Erfasst *RK* 24.05.2021 von<\/td>\n<\/tr>\n<tr>\n<td>&nbsp;<\/td>\n<td>Katja Brenner<\/td>\n<\/tr>\n<\/table>\n<h3 style=\"margin-top:0.8em; margin-bottom:0.2em; color:#8B4513; font-size:110%; font-weight:bold\">Zubereitung<\/h3>\n<p>Die Schalotte fein w&uuml;rfeln und in einem ausreichend gro&szlig;en Topf in Oliven&ouml;l glasig anbraten. Nun den Risottoreis dazugeben und anschwitzen. Nun mit dem Wei&szlig;wein abl&ouml;schen und diesen etwas einkochen lassen. Jetzt wird kellenwei&szlig;e die Gem&uuml;sebr&uuml;he zugegeben und jedes Mal erst wieder Fl&uuml;ssigkeit zugeben bis sie ein wenig eingekocht ist. Insgesamt dauert das ca. 15-20 Minuten.<\/p>\n<p>Lieber h&auml;ufiger kleinere Mengen Br&uuml;he zugeben, bei zu viel Fl&uuml;ssigkeit am Ende, kann sonst der Reis die restliche Br&uuml;he nicht mehr aufnehmen. Das Risotto sollte mehr oder weniger permanent in Bewegung bleiben und ger&uuml;hrt werden, sodass sich die Fl&uuml;ssigkeit und auch die Hitze optimal verteilt.<\/p>\n<p>: https:\/\/evchenkocht.de\/gruenes-spargelrisotto-mit-walnuessen\/<\/p>\n<p>Derweil kann der Spargel gewaschen und geputzt werden und falls n&ouml;tig im unteren Drittel gesch&auml;lt werden. Die Stangen in mundgerechte St&uuml;cke schneiden und in einer hei&szlig;en Pfanne die Spargelst&uuml;cke von allen Seiten 5-7 Minuten braten. Die Fr&uuml;hlingszwiebeln in R&ouml;llchen schneiden und zum Spargel geben. Ein paar R&ouml;llchen f&uuml;r die Deko zur&uuml;ckbehalten. Die Walnusskerne in einer Pfanne ohne Fett anr&ouml;sten und im Anschluss grob hacken.<\/p>\n<p>Nun den Spargel mit den Lauchzwiebeln unter das Risotto heben. Die Hitze reduzieren und die kalte Butter, die gehackten Walnusskerne sowie den Parmesan unterr&uuml;hren. Das Risotto mit Salz und Pfeffer abschmecken und mit den Fr&uuml;hlingszwiebeln bestreut sofort servieren.<\/p>\n<p>=====<\/p>\n<\/div>\n","protected":false},"excerpt":{"rendered":"<p>Es gab in dieser Spargelsaison schon einiges an Spargel, aber ich gehe immer weiter auf die Suche nach leckeren Rezepten. Auf Insta hatte ich bei Eva von Evchen kocht ein Spargelrezept gesehen &#8211; mit dem Hinweis, dass es auf ihrem Blog noch weitere Spargelrezepte g\u00e4be. Beim St\u00f6bern bin ich auf das Rezept vom Gr\u00fcnen Spargelrisotto &hellip; <\/p>\n<p class=\"link-more\"><a href=\"https:\/\/www.fambrenner.de\/Kaffeebohne\/wordpress\/2021\/06\/13\/gruenes-spargelrisotto-mit-walnuessen\/\" class=\"more-link\"><span class=\"screen-reader-text\">\u201eGr\u00fcnes Spargelrisotto mit Waln\u00fcssen\u201c<\/span> weiterlesen<\/a><\/p>\n","protected":false},"author":2,"featured_media":0,"comment_status":"open","ping_status":"open","sticky":false,"template":"","format":"standard","meta":{"_jetpack_memberships_contains_paid_content":false,"footnotes":""},"categories":[9,46,10],"tags":[81,454,34,440],"jetpack_sharing_enabled":true,"jetpack_featured_media_url":"","_links":{"self":[{"href":"https:\/\/www.fambrenner.de\/Kaffeebohne\/wordpress\/wp-json\/wp\/v2\/posts\/11552"}],"collection":[{"href":"https:\/\/www.fambrenner.de\/Kaffeebohne\/wordpress\/wp-json\/wp\/v2\/posts"}],"about":[{"href":"https:\/\/www.fambrenner.de\/Kaffeebohne\/wordpress\/wp-json\/wp\/v2\/types\/post"}],"author":[{"embeddable":true,"href":"https:\/\/www.fambrenner.de\/Kaffeebohne\/wordpress\/wp-json\/wp\/v2\/users\/2"}],"replies":[{"embeddable":true,"href":"https:\/\/www.fambrenner.de\/Kaffeebohne\/wordpress\/wp-json\/wp\/v2\/comments?post=11552"}],"version-history":[{"count":6,"href":"https:\/\/www.fambrenner.de\/Kaffeebohne\/wordpress\/wp-json\/wp\/v2\/posts\/11552\/revisions"}],"predecessor-version":[{"id":11559,"href":"https:\/\/www.fambrenner.de\/Kaffeebohne\/wordpress\/wp-json\/wp\/v2\/posts\/11552\/revisions\/11559"}],"wp:attachment":[{"href":"https:\/\/www.fambrenner.de\/Kaffeebohne\/wordpress\/wp-json\/wp\/v2\/media?parent=11552"}],"wp:term":[{"taxonomy":"category","embeddable":true,"href":"https:\/\/www.fambrenner.de\/Kaffeebohne\/wordpress\/wp-json\/wp\/v2\/categories?post=11552"},{"taxonomy":"post_tag","embeddable":true,"href":"https:\/\/www.fambrenner.de\/Kaffeebohne\/wordpress\/wp-json\/wp\/v2\/tags?post=11552"}],"curies":[{"name":"wp","href":"https:\/\/api.w.org\/{rel}","templated":true}]}}