{"id":10708,"date":"2020-10-18T21:09:16","date_gmt":"2020-10-18T19:09:16","guid":{"rendered":"http:\/\/www.fambrenner.de\/Kaffeebohne\/wordpress\/?p=10708"},"modified":"2020-10-18T21:09:16","modified_gmt":"2020-10-18T19:09:16","slug":"pflaumentarte-mit-zimtstreuseln","status":"publish","type":"post","link":"https:\/\/www.fambrenner.de\/Kaffeebohne\/wordpress\/2020\/10\/18\/pflaumentarte-mit-zimtstreuseln\/","title":{"rendered":"Pflaumentarte mit Zimtstreuseln"},"content":{"rendered":"<p>In der <a href=\"http:\/\/www.fambrenner.de\/Kaffeebohne\/wordpress\/2020\/09\/28\/koch-mein-rezept-kaffeebohne-zu-gast-bei-jenny-is-baking-arepas-mit-haehnchen-guacamolefuellung\/\" rel=\"noopener noreferrer\" target=\"_blank\">zweiten Runde von &#8218;Koch mein Rezept&#8216;<\/a> durfte ich ein Rezepte von der wunderbaren <a href=\"https:\/\/jennyisbaking.com\/\" rel=\"noopener noreferrer\" target=\"_blank\">Jenny von Jenny is baking<\/a> kochen\/backen. F\u00fcr die Vorstellung ihres Blogs hatte ich mich f\u00fcr die leckeren <a href=\"http:\/\/www.fambrenner.de\/Kaffeebohne\/wordpress\/2020\/09\/28\/koch-mein-rezept-kaffeebohne-zu-gast-bei-jenny-is-baking-arepas-mit-haehnchen-guacamolefuellung\/\" rel=\"noopener noreferrer\" target=\"_blank\">Arepas<\/a> entschieden.<\/p>\n<p>Wie immer bei dieser Aktion findet man auf den Blogs tolle Rezepte und es f\u00e4llt sehr schwer, sich nur f\u00fcr eines zu entscheiden. Die <a href=\"https:\/\/jennyisbaking.com\/de\/2018\/08\/15\/plum-tart-with-cinnamon-streusel\/\" rel=\"noopener noreferrer\" target=\"_blank\">Pflaumentarte<\/a> hatte es mir auch gleich angetan. In den Herbstferien habe ich sie nachgebacken und sie ist wirklich sehr lecker. Ich hatte sie erst f\u00fcr uns gebacken und dann gleich noch einmal, als ich meine Tante zu Besuch hatte.<\/p>\n<div style=\"background:#fff; padding:0.5em; cursor:text; \">\n<!-- Tabelle f\u00fcr Rezeptkopf --><\/p>\n<table style=\"width:100%\" border=\"0\" cellspacing=\"0\" cellpadding=\"0\">\n<colgroup>\n<col width=\"160\"\/>\n<col \/><\/colgroup>\n<tr valign=\"top\">\n<td style=\"height:2em\">==========<\/td>\n<td>REZKONV-Rezept &#8211; RezkonvSuite v1.4<\/td>\n<\/tr>\n<tr>\n<td style=\"color:#fff\">Titel:<\/td>\n<td style=\"color:#8B4513; font-size:140%; font-weight:bold\">Pflaumentarte mit Zimtstreuseln<\/td>\n<\/tr>\n<tr>\n<td style=\"color:#fff\">Kategorien:<\/td>\n<td>Kuchen, Pflaumen, Zimt, M&uuml;rbeteig<\/td>\n<\/tr>\n<tr>\n<td style=\"color:#fff\">Menge:<\/td>\n<td>30 Cm Form<\/td>\n<\/tr>\n<\/table>\n<p><!-- Ende Rezeptkopf --><\/p>\n<p style=\"margin:1.0em 0; text-align:center\"><img decoding=\"async\" src=\"http:\/\/www.fambrenner.de\/Fotoblog\/Pflaumentarte mit Zimtstreuseln.jpg\"\/><\/p>\n<h3 style=\"margin-top:0.8em; margin-bottom:0.2em; color:#8B4513; font-size:110%; font-weight:bold\">Zutaten<\/h3>\n<table style=\"width:100%\" border=\"0\" cellspacing=\"0\" cellpadding=\"0\">\n<colgroup>\n<col width=\"60\"\/>\n<col width=\"92\"\/>\n<col width=\"8\"\/>\n<col \/><\/colgroup>\n<tr>\n<td colspan=\"3\" style=\"color:#fff\">H<\/td>\n<td style=\"color:#000; font-size:100%; font-weight:bold\">TEIG<\/td>\n<\/tr>\n<tr valign=\"top\">\n<td align=\"right\">200<\/td>\n<td align=\"right\">Gramm<\/td>\n<td>&nbsp;<\/td>\n<td>Mehl, Type 405<\/td>\n<\/tr>\n<tr valign=\"top\">\n<td align=\"right\">1<\/td>\n<td align=\"right\">Pack.<\/td>\n<td>&nbsp;<\/td>\n<td>Vanillepuddingpulver<\/td>\n<\/tr>\n<tr valign=\"top\">\n<td align=\"right\">60<\/td>\n<td align=\"right\">Gramm<\/td>\n<td>&nbsp;<\/td>\n<td>Wei&szlig;er Zucker<\/td>\n<\/tr>\n<tr valign=\"top\">\n<td align=\"right\">150<\/td>\n<td align=\"right\">Gramm<\/td>\n<td>&nbsp;<\/td>\n<td>Kalte Butter<\/td>\n<\/tr>\n<tr valign=\"top\">\n<td align=\"right\">1<\/td>\n<td>&nbsp;<\/td>\n<td>&nbsp;<\/td>\n<td>Ei<\/td>\n<\/tr>\n<tr valign=\"top\">\n<td align=\"right\">1<\/td>\n<td align=\"right\">Schuss<\/td>\n<td>&nbsp;<\/td>\n<td>Rum<\/td>\n<\/tr>\n<tr style=\"height:1.9em; vertical-align:bottom;\">\n<td colspan=\"3\" style=\"color:#fff\">H<\/td>\n<td style=\"color:#000; font-size:100%; font-weight:bold\">STREUSEL<\/td>\n<\/tr>\n<tr valign=\"top\">\n<td align=\"right\">100<\/td>\n<td align=\"right\">Gramm<\/td>\n<td>&nbsp;<\/td>\n<td>Mehl, Type 405<\/td>\n<\/tr>\n<tr valign=\"top\">\n<td align=\"right\">75<\/td>\n<td align=\"right\">Gramm<\/td>\n<td>&nbsp;<\/td>\n<td>Kalte Butter<\/td>\n<\/tr>\n<tr valign=\"top\">\n<td align=\"right\">50<\/td>\n<td align=\"right\">Gramm<\/td>\n<td>&nbsp;<\/td>\n<td>Wei&szlig;er Zucker<\/td>\n<\/tr>\n<tr valign=\"top\">\n<td align=\"right\">1<\/td>\n<td align=\"right\">Teel.<\/td>\n<td>&nbsp;<\/td>\n<td>Zimt<\/td>\n<\/tr>\n<tr style=\"height:1.9em; vertical-align:bottom;\">\n<td colspan=\"3\" style=\"color:#fff\">H<\/td>\n<td style=\"color:#000; font-size:100%; font-weight:bold\">BELAG<\/td>\n<\/tr>\n<tr valign=\"top\">\n<td align=\"right\">750<\/td>\n<td align=\"right\">Gramm<\/td>\n<td>&nbsp;<\/td>\n<td>Pflaumen oder Zwetschgen<\/td>\n<\/tr>\n<\/table>\n<h3 style=\"margin-top:0.8em; margin-bottom:0.2em; color:#8B4513; font-size:110%; font-weight:bold\">Quelle<\/h3>\n<table style=\"width:100%\" border=\"0\" cellspacing=\"0\" cellpadding=\"0\">\n<colgroup>\n<col width=\"100\"\/>\n<col \/><\/colgroup>\n<tr>\n<td>&nbsp;<\/td>\n<td>Jenny is baking dd. 15.08.2018<\/td>\n<\/tr>\n<\/table>\n<table style=\"width:100%\" border=\"0\" cellspacing=\"0\" cellpadding=\"0\">\n<colgroup>\n<col width=\"160\"\/>\n<col \/><\/colgroup>\n<tr>\n<td>&nbsp;<\/td>\n<td>Erfasst *RK* 03.10.2020 von<\/td>\n<\/tr>\n<tr>\n<td>&nbsp;<\/td>\n<td>Katja Brenner<\/td>\n<\/tr>\n<\/table>\n<h3 style=\"margin-top:0.8em; margin-bottom:0.2em; color:#8B4513; font-size:110%; font-weight:bold\">Zubereitung<\/h3>\n<p>1. Aus Mehl, Puddingpulver, Butter und Zucker erbsengro&szlig;e Streusel kneten, dann das Ei und Rum dazugeben und rasch zu einem glatten Teig verarbeiten. In Frischhaltefolie wickeln und mindestens eine halbe Stunde im K&uuml;hlschrank k&uuml;hlen.<\/p>\n<p>2. In der gleichen Sch&uuml;ssel die Streuselzutaten vermischen und zu Streusel verkneten, dann auch in den K&uuml;hlschrank stellen.<\/p>\n<p>3. Die Pflaumen oder Zwetschgen entkernen und entweder in Scheiben schneiden oder halbieren.<\/p>\n<p>4. Den Ofen auf 180 Grad vorheizen.<\/p>\n<p>5. Den Teig auf einer gut bemehlten Arbeitsfl&auml;che ausrollen und in die Springform oder Tarteform geben. Der Teig ist ziemlich klebrig, ich bemehle ihn immer sehr gut und falte ihn mir kleiner bevor ich ihn in der Form wieder auseinanderfalte.<\/p>\n<p>6. Die Pflaumen oder Zwetschgen auf dem Boden verteilen, dann die Streusel dr&uuml;ber geben. Ca. 35-40min backen oder bis der Rand und die Streusel goldbraun sind.<\/p>\n<p>=====<\/p>\n<\/div>\n","protected":false},"excerpt":{"rendered":"<p>In der zweiten Runde von &#8218;Koch mein Rezept&#8216; durfte ich ein Rezepte von der wunderbaren Jenny von Jenny is baking kochen\/backen. F\u00fcr die Vorstellung ihres Blogs hatte ich mich f\u00fcr die leckeren Arepas entschieden. Wie immer bei dieser Aktion findet man auf den Blogs tolle Rezepte und es f\u00e4llt sehr schwer, sich nur f\u00fcr eines &hellip; <\/p>\n<p class=\"link-more\"><a href=\"https:\/\/www.fambrenner.de\/Kaffeebohne\/wordpress\/2020\/10\/18\/pflaumentarte-mit-zimtstreuseln\/\" class=\"more-link\"><span class=\"screen-reader-text\">\u201ePflaumentarte mit Zimtstreuseln\u201c<\/span> weiterlesen<\/a><\/p>\n","protected":false},"author":2,"featured_media":0,"comment_status":"open","ping_status":"open","sticky":false,"template":"","format":"standard","meta":{"_jetpack_memberships_contains_paid_content":false,"footnotes":""},"categories":[32],"tags":[251,450,518,194,188],"jetpack_sharing_enabled":true,"jetpack_featured_media_url":"","_links":{"self":[{"href":"https:\/\/www.fambrenner.de\/Kaffeebohne\/wordpress\/wp-json\/wp\/v2\/posts\/10708"}],"collection":[{"href":"https:\/\/www.fambrenner.de\/Kaffeebohne\/wordpress\/wp-json\/wp\/v2\/posts"}],"about":[{"href":"https:\/\/www.fambrenner.de\/Kaffeebohne\/wordpress\/wp-json\/wp\/v2\/types\/post"}],"author":[{"embeddable":true,"href":"https:\/\/www.fambrenner.de\/Kaffeebohne\/wordpress\/wp-json\/wp\/v2\/users\/2"}],"replies":[{"embeddable":true,"href":"https:\/\/www.fambrenner.de\/Kaffeebohne\/wordpress\/wp-json\/wp\/v2\/comments?post=10708"}],"version-history":[{"count":7,"href":"https:\/\/www.fambrenner.de\/Kaffeebohne\/wordpress\/wp-json\/wp\/v2\/posts\/10708\/revisions"}],"predecessor-version":[{"id":10715,"href":"https:\/\/www.fambrenner.de\/Kaffeebohne\/wordpress\/wp-json\/wp\/v2\/posts\/10708\/revisions\/10715"}],"wp:attachment":[{"href":"https:\/\/www.fambrenner.de\/Kaffeebohne\/wordpress\/wp-json\/wp\/v2\/media?parent=10708"}],"wp:term":[{"taxonomy":"category","embeddable":true,"href":"https:\/\/www.fambrenner.de\/Kaffeebohne\/wordpress\/wp-json\/wp\/v2\/categories?post=10708"},{"taxonomy":"post_tag","embeddable":true,"href":"https:\/\/www.fambrenner.de\/Kaffeebohne\/wordpress\/wp-json\/wp\/v2\/tags?post=10708"}],"curies":[{"name":"wp","href":"https:\/\/api.w.org\/{rel}","templated":true}]}}