{"id":10633,"date":"2020-09-17T15:03:25","date_gmt":"2020-09-17T13:03:25","guid":{"rendered":"http:\/\/www.fambrenner.de\/Kaffeebohne\/wordpress\/?p=10633"},"modified":"2020-09-17T15:03:25","modified_gmt":"2020-09-17T13:03:25","slug":"veggie-tag-vegetarische-tarte-provencale","status":"publish","type":"post","link":"https:\/\/www.fambrenner.de\/Kaffeebohne\/wordpress\/2020\/09\/17\/veggie-tag-vegetarische-tarte-provencale\/","title":{"rendered":"Veggie-Tag: vegetarische Tarte provencale"},"content":{"rendered":"<p>Essensplanung ist ja immer so eine Sachen und man muss verschiedene Geschm\u00e4cker und manchmal auch verschiedene Essenszeiten unter einen Hut bringen. Bei uns gibt es jetzt regelm\u00e4\u00dfig an einem Wochentag eine Quiche, weil ich die mit meinem Mann zur normalen Zeit essen kann und diese dann immer noch warm ist, wenn dann meine Tochter nach der siebten Stunde nach Hause kommt. Das wird so lange klappen, so lange sie noch mit dem Rad zur Schule f\u00e4hrt. Mit den Buszeiten wird sich das dann wieder \u00e4ndern.<\/p>\n<p>Nach der Tomaten-Parmesan-Sommer-Quiche von letzter Woche, gab es eine vegetarische Tarte provencale mit Zucchini, Auberginen und Tomaten. Sehr lecker.<\/p>\n<div style=\"background:#fff; padding:0.5em; cursor:text; \">\n<!-- Tabelle f\u00fcr Rezeptkopf --><\/p>\n<table style=\"width:100%\" border=\"0\" cellspacing=\"0\" cellpadding=\"0\">\n<colgroup>\n<col width=\"160\"\/>\n<col \/><\/colgroup>\n<tr valign=\"top\">\n<td style=\"height:2em\">==========<\/td>\n<td>REZKONV-Rezept &#8211; RezkonvSuite v1.4<\/td>\n<\/tr>\n<tr>\n<td style=\"color:#fff\">Titel:<\/td>\n<td style=\"color:#8B4513; font-size:140%; font-weight:bold\">Vegetarische Tarte proven&ccedil;ale<\/td>\n<\/tr>\n<tr>\n<td style=\"color:#fff\">Kategorien:<\/td>\n<td>Quiche, Vegetarisch, Gem&uuml;se, Frankreich<\/td>\n<\/tr>\n<tr>\n<td style=\"color:#fff\">Menge:<\/td>\n<td>28 Cm<\/td>\n<\/tr>\n<\/table>\n<p><!-- Ende Rezeptkopf --><\/p>\n<p style=\"margin:1.0em 0; text-align:center\"><img decoding=\"async\" src=\"http:\/\/www.fambrenner.de\/Fotoblog\/vegetarische Tarte provencial.jpg\"\/><\/p>\n<h3 style=\"margin-top:0.8em; margin-bottom:0.2em; color:#8B4513; font-size:110%; font-weight:bold\">Zutaten<\/h3>\n<table style=\"width:100%\" border=\"0\" cellspacing=\"0\" cellpadding=\"0\">\n<colgroup>\n<col width=\"60\"\/>\n<col width=\"92\"\/>\n<col width=\"8\"\/>\n<col \/><\/colgroup>\n<tr>\n<td colspan=\"3\" style=\"color:#fff\">H<\/td>\n<td style=\"color:#000; font-size:100%; font-weight:bold\">F&Uuml;R DEN TEIG<\/td>\n<\/tr>\n<tr valign=\"top\">\n<td align=\"right\">225<\/td>\n<td align=\"right\">Gramm<\/td>\n<td>&nbsp;<\/td>\n<td>Mehl<\/td>\n<\/tr>\n<tr valign=\"top\">\n<td align=\"right\">100<\/td>\n<td align=\"right\">Gramm<\/td>\n<td>&nbsp;<\/td>\n<td>Butter<\/td>\n<\/tr>\n<tr valign=\"top\">\n<td align=\"right\">1<\/td>\n<td align=\"right\">Teel.<\/td>\n<td>&nbsp;<\/td>\n<td>Getrockneter Basilikum<\/td>\n<\/tr>\n<tr valign=\"top\">\n<td align=\"right\">1<\/td>\n<td align=\"right\">Teel.<\/td>\n<td>&nbsp;<\/td>\n<td>Getrockneter Oregano<\/td>\n<\/tr>\n<tr valign=\"top\">\n<td align=\"right\">2<\/td>\n<td align=\"right\">Essl.<\/td>\n<td>&nbsp;<\/td>\n<td>Getrocknete Tomaten<\/td>\n<\/tr>\n<tr valign=\"top\">\n<td align=\"right\">1<\/td>\n<td align=\"right\">Essl.<\/td>\n<td>&nbsp;<\/td>\n<td>Oliven&ouml;l<\/td>\n<\/tr>\n<tr style=\"height:1.9em; vertical-align:bottom;\">\n<td colspan=\"3\" style=\"color:#fff\">H<\/td>\n<td style=\"color:#000; font-size:100%; font-weight:bold\">F&Uuml;R DIE SAUCE<\/td>\n<\/tr>\n<tr valign=\"top\">\n<td align=\"right\">2<\/td>\n<td align=\"right\">klein.<\/td>\n<td>&nbsp;<\/td>\n<td>Paprika<\/td>\n<\/tr>\n<tr valign=\"top\">\n<td align=\"right\">2<\/td>\n<td align=\"right\">Essl.<\/td>\n<td>&nbsp;<\/td>\n<td>Oliven&ouml;l<\/td>\n<\/tr>\n<tr valign=\"top\">\n<td align=\"right\">2<\/td>\n<td>&nbsp;<\/td>\n<td>&nbsp;<\/td>\n<td>Knoblauchzehen<\/td>\n<\/tr>\n<tr valign=\"top\">\n<td align=\"right\">1<\/td>\n<td align=\"right\">Teel.<\/td>\n<td>&nbsp;<\/td>\n<td>Oregano<\/td>\n<\/tr>\n<tr valign=\"top\">\n<td align=\"right\">1<\/td>\n<td align=\"right\">Essl.<\/td>\n<td>&nbsp;<\/td>\n<td>Getrocknete Tomaten<\/td>\n<\/tr>\n<tr valign=\"top\">\n<td align=\"right\">400<\/td>\n<td align=\"right\">Gramm<\/td>\n<td>&nbsp;<\/td>\n<td>Tomatenst&uuml;cke aus der Dose<\/td>\n<\/tr>\n<tr valign=\"top\">\n<td align=\"right\">1<\/td>\n<td align=\"right\">Essl.<\/td>\n<td>&nbsp;<\/td>\n<td>Tomatenmark<\/td>\n<\/tr>\n<tr valign=\"top\">\n<td align=\"right\">1<\/td>\n<td align=\"right\">Essl.<\/td>\n<td>&nbsp;<\/td>\n<td>Rotweinessig<\/td>\n<\/tr>\n<tr valign=\"top\">\n<td>&nbsp;<\/td>\n<td>&nbsp;<\/td>\n<td>&nbsp;<\/td>\n<td>Salz, Pfeffer<\/td>\n<\/tr>\n<tr style=\"height:1.9em; vertical-align:bottom;\">\n<td colspan=\"3\" style=\"color:#fff\">H<\/td>\n<td style=\"color:#000; font-size:100%; font-weight:bold\">F&Uuml;R DEN BELAG<\/td>\n<\/tr>\n<tr valign=\"top\">\n<td align=\"right\">100<\/td>\n<td align=\"right\">ml<\/td>\n<td>&nbsp;<\/td>\n<td>Oliven&ouml;l<\/td>\n<\/tr>\n<tr valign=\"top\">\n<td align=\"right\">1<\/td>\n<td align=\"right\">mittl.<\/td>\n<td>&nbsp;<\/td>\n<td>Aubergine<\/td>\n<\/tr>\n<tr valign=\"top\">\n<td align=\"right\">1<\/td>\n<td align=\"right\">Essl.<\/td>\n<td>&nbsp;<\/td>\n<td>Getrockneter Basilikum<\/td>\n<\/tr>\n<tr valign=\"top\">\n<td align=\"right\">3<\/td>\n<td>&nbsp;<\/td>\n<td>&nbsp;<\/td>\n<td>Tomaten<\/td>\n<\/tr>\n<tr valign=\"top\">\n<td align=\"right\">2<\/td>\n<td align=\"right\">klein.<\/td>\n<td>&nbsp;<\/td>\n<td>Zucchini<\/td>\n<\/tr>\n<tr valign=\"top\">\n<td align=\"right\">1<\/td>\n<td>&nbsp;<\/td>\n<td>&nbsp;<\/td>\n<td>Rote Paprika<\/td>\n<\/tr>\n<tr valign=\"top\">\n<td align=\"right\">1<\/td>\n<td align=\"right\">Handvoll<\/td>\n<td>&nbsp;<\/td>\n<td>Schwarze Oliven<\/td>\n<\/tr>\n<tr valign=\"top\">\n<td align=\"right\">1<\/td>\n<td align=\"right\">Handvoll<\/td>\n<td>&nbsp;<\/td>\n<td>Frischer Rosmarin<\/td>\n<\/tr>\n<tr valign=\"top\">\n<td align=\"right\">1<\/td>\n<td align=\"right\">Bund<\/td>\n<td>&nbsp;<\/td>\n<td>Frischer Basilikum<\/td>\n<\/tr>\n<tr valign=\"top\">\n<td align=\"right\">100<\/td>\n<td align=\"right\">Gramm<\/td>\n<td>&nbsp;<\/td>\n<td>Mozzarella<\/td>\n<\/tr>\n<tr style=\"height:1.9em; vertical-align:bottom;\">\n<td colspan=\"3\" style=\"color:#fff\">H<\/td>\n<td style=\"color:#000; font-size:100%; font-weight:bold\">BESONDERES ZUBEH&Ouml;R<\/td>\n<\/tr>\n<tr valign=\"top\">\n<td>&nbsp;<\/td>\n<td>&nbsp;<\/td>\n<td>&nbsp;<\/td>\n<td>Tarteform (Durchmesser ca. 28 cm)<\/td>\n<\/tr>\n<\/table>\n<h3 style=\"margin-top:0.8em; margin-bottom:0.2em; color:#8B4513; font-size:110%; font-weight:bold\">Quelle<\/h3>\n<table style=\"width:100%\" border=\"0\" cellspacing=\"0\" cellpadding=\"0\">\n<colgroup>\n<col width=\"100\"\/>\n<col \/><\/colgroup>\n<tr>\n<td>&nbsp;<\/td>\n<td>springlane.de<\/td>\n<\/tr>\n<\/table>\n<table style=\"width:100%\" border=\"0\" cellspacing=\"0\" cellpadding=\"0\">\n<colgroup>\n<col width=\"160\"\/>\n<col \/><\/colgroup>\n<tr>\n<td>&nbsp;<\/td>\n<td>Erfasst *RK* 07.09.2020 von<\/td>\n<\/tr>\n<tr>\n<td>&nbsp;<\/td>\n<td>Katja Brenner<\/td>\n<\/tr>\n<\/table>\n<h3 style=\"margin-top:0.8em; margin-bottom:0.2em; color:#8B4513; font-size:110%; font-weight:bold\">Zubereitung<\/h3>\n<p>1 F&uuml;r den Teig getrocknete Tomaten fein hacken und mit restlichen Teigzutaten und etwas Wasser zu einem geschmeidigen Teig verarbeiten. In Frischhaltefolie einwickeln und ca. 1 Stunde kalt stellen.<\/p>\n<p>2 F&uuml;r die Sauce Paprika entkernen und w&uuml;rfeln. Knoblauch sch&auml;len und fein hacken. &Ouml;l in einer Pfanne erhitzen und Paprika, Knoblauch und Oregano 5 Minuten anbraten, bis die Paprika weich wird. Getrocknete Tomaten fein hacken und mit den restlichen Zutaten f&uuml;r die Sauce in die Pfanne geben. 10 Minuten kochen, bis die Sauce andickt, und gelegentlich umr&uuml;hren.<\/p>\n<p>3 Backofen auf 200 &deg;C vorheizen. Ein Backblech mit Backpapier auslegen. Aubergine in feine Scheiben schneiden und mit Oliven&ouml;l und getrocknetem Basilikum auf dem Blech verteilen und vermengen. Mit Salz und Pfeffer w&uuml;rzen. 25 Minuten im hei&szlig;en Ofen backen, bis die Aubergine weich wird.<\/p>\n<p>4 Teig ausrollen und Tarteform damit auslegen. Teig 1-2 cm &uuml;ber den Rand h&auml;ngen lassen. 10 Minuten vorbacken.<\/p>\n<p>5 F&uuml;r den Belag Tomaten, Oliven und Zucchini in feine Scheiben schneiden. Paprika entkernen und w&uuml;rfeln. Rosmarinbl&auml;tter von den Zweigen zupfen und zusammen mit frischem Basilikum grob hacken.<\/p>\n<p>6 Sauce auf dem Tarteboden verteilen und mit Aubergine, Zucchini, Tomate, Paprika und Oliven belegen. Kr&auml;uter darauf verteilen. Mozzarella in St&uuml;ckchen rei&szlig;en und auf der Tarte verteilen. 20-25 Minuten im hei&szlig;en Ofen backen, bis der K&auml;se goldbraun schmilzt.<\/p>\n<p>=====<\/p>\n<\/div>\n","protected":false},"excerpt":{"rendered":"<p>Essensplanung ist ja immer so eine Sachen und man muss verschiedene Geschm\u00e4cker und manchmal auch verschiedene Essenszeiten unter einen Hut bringen. Bei uns gibt es jetzt regelm\u00e4\u00dfig an einem Wochentag eine Quiche, weil ich die mit meinem Mann zur normalen Zeit essen kann und diese dann immer noch warm ist, wenn dann meine Tochter nach &hellip; <\/p>\n<p class=\"link-more\"><a href=\"https:\/\/www.fambrenner.de\/Kaffeebohne\/wordpress\/2020\/09\/17\/veggie-tag-vegetarische-tarte-provencale\/\" class=\"more-link\"><span class=\"screen-reader-text\">\u201eVeggie-Tag: vegetarische Tarte provencale\u201c<\/span> weiterlesen<\/a><\/p>\n","protected":false},"author":2,"featured_media":0,"comment_status":"open","ping_status":"open","sticky":false,"template":"","format":"standard","meta":{"_jetpack_memberships_contains_paid_content":false,"footnotes":""},"categories":[9,124,10],"tags":[301,193,439,195,188,307,47],"jetpack_sharing_enabled":true,"jetpack_featured_media_url":"","_links":{"self":[{"href":"https:\/\/www.fambrenner.de\/Kaffeebohne\/wordpress\/wp-json\/wp\/v2\/posts\/10633"}],"collection":[{"href":"https:\/\/www.fambrenner.de\/Kaffeebohne\/wordpress\/wp-json\/wp\/v2\/posts"}],"about":[{"href":"https:\/\/www.fambrenner.de\/Kaffeebohne\/wordpress\/wp-json\/wp\/v2\/types\/post"}],"author":[{"embeddable":true,"href":"https:\/\/www.fambrenner.de\/Kaffeebohne\/wordpress\/wp-json\/wp\/v2\/users\/2"}],"replies":[{"embeddable":true,"href":"https:\/\/www.fambrenner.de\/Kaffeebohne\/wordpress\/wp-json\/wp\/v2\/comments?post=10633"}],"version-history":[{"count":2,"href":"https:\/\/www.fambrenner.de\/Kaffeebohne\/wordpress\/wp-json\/wp\/v2\/posts\/10633\/revisions"}],"predecessor-version":[{"id":10635,"href":"https:\/\/www.fambrenner.de\/Kaffeebohne\/wordpress\/wp-json\/wp\/v2\/posts\/10633\/revisions\/10635"}],"wp:attachment":[{"href":"https:\/\/www.fambrenner.de\/Kaffeebohne\/wordpress\/wp-json\/wp\/v2\/media?parent=10633"}],"wp:term":[{"taxonomy":"category","embeddable":true,"href":"https:\/\/www.fambrenner.de\/Kaffeebohne\/wordpress\/wp-json\/wp\/v2\/categories?post=10633"},{"taxonomy":"post_tag","embeddable":true,"href":"https:\/\/www.fambrenner.de\/Kaffeebohne\/wordpress\/wp-json\/wp\/v2\/tags?post=10633"}],"curies":[{"name":"wp","href":"https:\/\/api.w.org\/{rel}","templated":true}]}}