{"id":10586,"date":"2020-08-26T09:00:03","date_gmt":"2020-08-26T07:00:03","guid":{"rendered":"http:\/\/www.fambrenner.de\/Kaffeebohne\/wordpress\/?p=10586"},"modified":"2020-08-31T15:16:32","modified_gmt":"2020-08-31T13:16:32","slug":"synchronbacken-50-butterkuchen","status":"publish","type":"post","link":"https:\/\/www.fambrenner.de\/Kaffeebohne\/wordpress\/2020\/08\/26\/synchronbacken-50-butterkuchen\/","title":{"rendered":"#synchronbacken # 50 &#8211; Butterkuchen"},"content":{"rendered":"<p><a href=\"https:\/\/www.kochtopf.me\/ankuendigung-uebersicht-synchronbacken\" title=\"#synchronbacken August 2020\"><img loading=\"lazy\" decoding=\"async\" src=\"https:\/\/www.kochtopf.me\/wp-content\/uploads\/2020\/07\/synchronbacken-August-2020.png\" width=\"130\" height=\"250\" alt=\"#synchronbacken August 2020\"\/><\/a><\/p>\n<p>Bereits zum 50. mal wird synchrongebacken. Fr\u00fcher war ich beim WorldBreadBakingDay dabei und bin bei #45 beim Synchronbacken eingestiegen. Es macht sehr viel Spa\u00df, obwohl mir die Rezepte oft beim ersten Mal nicht gelingen, aber ich lerne viel daraus. Auch wenn ich danach die Blogposts der anderen Teilnehmer lese, lerne ich viel und bekomme neue Ideen. <\/p>\n<p>Beim #synchronbacken backen wir gemeinsam an einem Wochenende nach einem Rezept, das wir nach unseren Geschm\u00e4ckern ab\u00e4ndern d\u00fcrfen. Da ich gerade was Brot und Br\u00f6tchen anbelangt, nicht so viel Ahnung habe, hat es sich f\u00fcr mich als sicherer herausgestellt, mich beim ersten Versuch genau an das Rezept zu halten.<\/p>\n<p>Bei dem Jubil\u00e4umssynchronbacken &#8211; organisiert von <a href=\"https:\/\/www.kochtopf.me\/synchronbacken-august-2020\" rel=\"noopener noreferrer\" target=\"_blank\">Zorra aus dem Kochtopf<\/a> und <a href=\"https:\/\/www.from-snuggs-kitchen.com\/2020\/08\/jubilaumsausgabe-synchronbacken-50-das.html\" rel=\"noopener noreferrer\" target=\"_blank\">Sandra from snuggs kitchen<\/a> &#8211; backen wir den <a href=\"https:\/\/www.hefe-und-mehr.de\/2011\/08\/butterkuchen\/\" rel=\"noopener noreferrer\" target=\"_blank\">Butterkuchen von Hefe und mehr<\/a>. Dieser Butterkuchen unterscheidet sich von meinen Standardrezepten schon daran, dass es sich hier um einen Hefeteig handelt, der eine etwas l\u00e4ngere Behandlung braucht und das Ergebnis alles entsch\u00e4digt.<\/p>\n<p>Im Rezept stand nicht, ob man Frischhefe oder Trockenhefe verwenden soll. Ich brauche nicht so oft Hefe und der angebrochene W\u00fcrfel h\u00e4lt dann immer nicht sehr lange im K\u00fchlschrank. Deshalb habe ich den Butterkuchen mit Trockenhefe gebacken und die im Rezept angegebene Menge verwendet.<\/p>\n<p>Das Ergebnis ist ein herrlich fluffiger, leckerer, zuckriger Butterkuchen, der seinem Namen alle Ehre macht.<\/p>\n<p>Auf Insta habe ich schon die Varianten der unerschrockenen B\u00e4ckerinnen mit Pflaumen, \u00c4pfeln, Aprikosen etc. gesehen. Ich werde dieses Rezept bestimmt auch noch als Grundlage f\u00fcr einen leckeren Pflaumenkuchen verwenden. Am Ende des Rezepts findet ihr die Liste der teilnehmenden Blogs.<\/p>\n<div style=\" background:#fff; padding:0.5em; cursor:text; \">\n<!-- Tabelle f\u00fcr Rezeptkopf --><\/p>\n<table style=\"width:100%\" border=\"0\" cellspacing=\"0\" cellpadding=\"0\">\n<colgroup>\n<col width=\"160\"\/>\n<col \/><\/colgroup>\n<tr valign=\"top\">\n<td style=\"height:2em\">==========<\/td>\n<td>REZKONV-Rezept &#8211; RezkonvSuite v1.4<\/td>\n<\/tr>\n<tr>\n<td style=\"color:#fff\">Titel:<\/td>\n<td style=\"color:#8B4513; font-size:140%; font-weight:bold\">Butterkuchen<\/td>\n<\/tr>\n<tr>\n<td style=\"color:#fff\">Kategorien:<\/td>\n<td>Kuchen, Hefe, Blech<\/td>\n<\/tr>\n<tr>\n<td style=\"color:#fff\">Menge:<\/td>\n<td>1 Rezept<\/td>\n<\/tr>\n<\/table>\n<p><!-- Ende Rezeptkopf --><\/p>\n<p style=\"margin:1.0em 0; text-align:center\"><img decoding=\"async\" src=\"http:\/\/www.fambrenner.de\/Fotoblog\/Butterkuchen.jpg\"\/><\/p>\n<h3 style=\"margin-top:0.8em; margin-bottom:0.2em; color:#8B4513; font-size:110%; font-weight:bold\">Zutaten<\/h3>\n<table style=\"width:100%\" border=\"0\" cellspacing=\"0\" cellpadding=\"0\">\n<colgroup>\n<col width=\"60\"\/>\n<col width=\"92\"\/>\n<col width=\"8\"\/>\n<col \/><\/colgroup>\n<tr>\n<td colspan=\"3\" style=\"color:#fff\">H<\/td>\n<td style=\"color:#000; font-size:100%; font-weight:bold\">P&Acirc;TE FERMENT&Eacute;E<\/td>\n<\/tr>\n<tr valign=\"top\">\n<td align=\"right\">125<\/td>\n<td align=\"right\">Gramm<\/td>\n<td>&nbsp;<\/td>\n<td>Mehl Type 550<\/td>\n<\/tr>\n<tr valign=\"top\">\n<td align=\"right\">80<\/td>\n<td align=\"right\">Gramm<\/td>\n<td>&nbsp;<\/td>\n<td>Wasser<\/td>\n<\/tr>\n<tr valign=\"top\">\n<td align=\"right\">2<\/td>\n<td align=\"right\">Gramm<\/td>\n<td>&nbsp;<\/td>\n<td>Salz<\/td>\n<\/tr>\n<tr valign=\"top\">\n<td align=\"right\">1<\/td>\n<td align=\"right\">Gramm<\/td>\n<td>&nbsp;<\/td>\n<td>Hefe<\/td>\n<\/tr>\n<tr style=\"height:1.9em; vertical-align:bottom;\">\n<td colspan=\"3\" style=\"color:#fff\">H<\/td>\n<td style=\"color:#000; font-size:100%; font-weight:bold\">WATER ROUX<\/td>\n<\/tr>\n<tr valign=\"top\">\n<td align=\"right\">75<\/td>\n<td align=\"right\">Gramm<\/td>\n<td>&nbsp;<\/td>\n<td>Milch<\/td>\n<\/tr>\n<tr valign=\"top\">\n<td align=\"right\">15<\/td>\n<td align=\"right\">Gramm<\/td>\n<td>&nbsp;<\/td>\n<td>Mehl Type 550<\/td>\n<\/tr>\n<tr style=\"height:1.9em; vertical-align:bottom;\">\n<td colspan=\"3\" style=\"color:#fff\">H<\/td>\n<td style=\"color:#000; font-size:100%; font-weight:bold\">TEIG<\/td>\n<\/tr>\n<tr valign=\"top\">\n<td>&nbsp;<\/td>\n<td>&nbsp;<\/td>\n<td>&nbsp;<\/td>\n<td>P&acirc;te Ferment&eacute;e<\/td>\n<\/tr>\n<tr valign=\"top\">\n<td>&nbsp;<\/td>\n<td>&nbsp;<\/td>\n<td>&nbsp;<\/td>\n<td>Water roux<\/td>\n<\/tr>\n<tr valign=\"top\">\n<td align=\"right\">260<\/td>\n<td align=\"right\">Gramm<\/td>\n<td>&nbsp;<\/td>\n<td>Mehl Type 550<\/td>\n<\/tr>\n<tr valign=\"top\">\n<td align=\"right\">50<\/td>\n<td align=\"right\">Gramm<\/td>\n<td>&nbsp;<\/td>\n<td>Milch<\/td>\n<\/tr>\n<tr valign=\"top\">\n<td align=\"right\">5<\/td>\n<td align=\"right\">Gramm<\/td>\n<td>&nbsp;<\/td>\n<td>Hefe<\/td>\n<\/tr>\n<tr valign=\"top\">\n<td align=\"right\">60<\/td>\n<td align=\"right\">Gramm<\/td>\n<td>&nbsp;<\/td>\n<td>Ei (1 Eier Gr&ouml;&szlig;e L)<\/td>\n<\/tr>\n<tr valign=\"top\">\n<td align=\"right\">50<\/td>\n<td align=\"right\">Gramm<\/td>\n<td>&nbsp;<\/td>\n<td>(S&uuml;&szlig;rahm-)Butter<\/td>\n<\/tr>\n<tr valign=\"top\">\n<td align=\"right\">20<\/td>\n<td align=\"right\">Gramm<\/td>\n<td>&nbsp;<\/td>\n<td>Zucker<\/td>\n<\/tr>\n<tr style=\"height:1.9em; vertical-align:bottom;\">\n<td colspan=\"3\" style=\"color:#fff\">H<\/td>\n<td style=\"color:#000; font-size:100%; font-weight:bold\">BELAG<\/td>\n<\/tr>\n<tr valign=\"top\">\n<td align=\"right\">60<\/td>\n<td align=\"right\">Gramm<\/td>\n<td>&nbsp;<\/td>\n<td>(S&uuml;&szlig;rahm-) Butter<\/td>\n<\/tr>\n<tr valign=\"top\">\n<td align=\"right\">60<\/td>\n<td align=\"right\">Gramm<\/td>\n<td>&nbsp;<\/td>\n<td>Zucker<\/td>\n<\/tr>\n<\/table>\n<h3 style=\"margin-top:0.8em; margin-bottom:0.2em; color:#8B4513; font-size:110%; font-weight:bold\">Quelle<\/h3>\n<table style=\"width:100%\" border=\"0\" cellspacing=\"0\" cellpadding=\"0\">\n<colgroup>\n<col width=\"100\"\/>\n<col \/><\/colgroup>\n<tr>\n<td>&nbsp;<\/td>\n<td>hefe und mehr dd. 10.08.2011<\/td>\n<\/tr>\n<\/table>\n<table style=\"width:100%\" border=\"0\" cellspacing=\"0\" cellpadding=\"0\">\n<colgroup>\n<col width=\"160\"\/>\n<col \/><\/colgroup>\n<tr>\n<td>&nbsp;<\/td>\n<td>Erfasst *RK* 17.08.2020 von<\/td>\n<\/tr>\n<tr>\n<td>&nbsp;<\/td>\n<td>Katja Brenner<\/td>\n<\/tr>\n<\/table>\n<h3 style=\"margin-top:0.8em; margin-bottom:0.2em; color:#8B4513; font-size:110%; font-weight:bold\">Zubereitung<\/h3>\n<p>F&uuml;r den P&acirc;te ferment&egrave;e alle Zutaten verkneten und 1 Std. bei Raumtemperatur gehen lassen. Dann im K&uuml;hlschrank f&uuml;r mindestens 12 Std. k&uuml;hlstellen.<\/p>\n<p>F&uuml;r den Water Roux Milch und Mehl kl&uuml;mpchenfrei verr&uuml;hren. Unter R&uuml;hren auf 65&deg;C erhitzen (dauert etwa 3 min). Der Water Roux hat nun die Konsistenz eines festen Puddings. Auf Raumtemperatur abk&uuml;hlen lassen.<\/p>\n<p>F&uuml;r den Teig alle Zutaten bis auf Butter und Zucker miteinander verkneten. 30 min ruhen lassen. Nun den sehr festen Teig 10 min mit der Hand kneten. Den Zucker in zwei Portionen unterkneten. Der Teig wird nun merklich weicher, da der Zucker die Feuchtigkeit aus dem Teig zieht. Zuletzt die Butter unterkneten.<\/p>\n<p>Den Teig 1 Stunde gehen lassen.<\/p>\n<p>Den Teig auf einem Backblech zu einem Quadrat von etwa 30 cm x 30 cm ausrollen. Die kalte Butter in kleine Flocken teilen und tief in den Teig dr&uuml;cken. Den Zucker dar&uuml;ber streuen und eine Stunde gehen lassen.<\/p>\n<p>Bei 200&deg;C f&uuml;r 15 min backen<\/p>\n<p>=====<\/p>\n<\/div>\n<p><strong>Hier findet Ihr die Versionen meiner Mitb\u00e4ckerinnen:<\/strong><\/p>\n<p>zorra von <a href='https:\/\/www.kochtopf.me\/butterkuchen-pflaumen-streuseln-rezept' target='_blank' rel=\"noopener noreferrer\">1x umr\u00fchren bitte aka kochtopf<\/a><br \/>\nCaroline  von <a href='https:\/\/linalsbackhimmel.de\/butterkuchen-mit-kirschen' target='_blank' rel=\"noopener noreferrer\">Linal&#8217;s Backhimmel<\/a><br \/>\nBritta von <a href='https:\/\/backmaedchen1967.de\/butterkuchen-mit-apfel\/' target='_blank' rel=\"noopener noreferrer\">Backmaedchen 1967<\/a><br \/>\nD\u00e9sir\u00e9e von <a href='http:\/\/momentgenuss.de\/veganer-butterkuchen-vom-blech\/' target='_blank' rel=\"noopener noreferrer\">Momentgenuss<\/a><br \/>\nJenny von <a href='https:\/\/jennyisbaking.com\/de\/2020\/08\/26\/butterkuchen-mit-aepfeln-und-karamellsosse' target='_blank' rel=\"noopener noreferrer\">Jenny is baking<\/a><br \/>\nKathrina von <a href='https:\/\/www.kuechentraumundpurzelbaum.de\/butterkuchen-vom-blech\/' target='_blank' rel=\"noopener noreferrer\">K\u00fcchentraum &#038; Purzelbaum<\/a><br \/>\nTina von <a href='https:\/\/www.kuechenmomente.de\/butterkuchen-mit-zwetschgen-vom-blech\/' target='_blank' rel=\"noopener noreferrer\">K\u00fcchenmomente<\/a><br \/>\nPetra von <a href='https:\/\/www.oberstrifftsahne.com\/2020\/08\/zum-50synchronbacken-der-gute-alte.html' target='_blank' rel=\"noopener noreferrer\">Obers trifft Sahne<\/a><br \/>\nTanja von <a href='https:\/\/wp.me\/p88Av7-1tX' target='_blank' rel=\"noopener noreferrer\">Tanja&#8217;s &#8222;S\u00fc\u00df &#038; Herzhaft&#8220;<\/a><br \/>\nSimone von <a href='https:\/\/www.zimtkringel.org\/butterkuchen\/' target='_blank' rel=\"noopener noreferrer\">zimtkringel<\/a><br \/>\nGeri von <a href='https:\/\/lecker-mit-gerim.blogspot.com\/2020\/08\/blog-post.html' target='_blank' rel=\"noopener noreferrer\">Lecker mit Geri<\/a><br \/>\nEva von <a href='https:\/\/evchenkocht.de\/butterkuchen-mit-zuckerkruste-und-mirabellen\/' target='_blank' rel=\"noopener noreferrer\">evchenkocht<\/a><br \/>\nKatrin von <a href='https:\/\/krabsch.blogspot.com\/2020\/08\/butterkuchen-zum-50-synchronbacken-das.html' target='_blank' rel=\"noopener noreferrer\">Summsis Hobbyk\u00fcche<\/a><br \/>\nDagmar von <a href='https:\/\/brotecke.blogspot.com\/2020\/08\/synchronbacken-50-der-beste-butter-und.html' target='_blank' rel=\"noopener noreferrer\">Dagmar brotecke<\/a><br \/>\nBirgit M. von <a href='https:\/\/backenmitleidenschaft.com\/2020\/08\/26\/butterkuchen-mit-zwetschgen-ein-traum-zum-50-synchronbacken\/' target='_blank' rel=\"noopener noreferrer\">Backen mit Leidenschaft<\/a><br \/>\nTamara von <a href='https:\/\/cakescookiesandmore.ch\/2020\/08\/butterkuchen-aus-hefeteig.html' target='_blank' rel=\"noopener noreferrer\">Cakes, Cookies and more<\/a><br \/>\nManuela von <a href='https:\/\/www.mrsflax.net\/das-gute-butter-gesetz\/' target='_blank' rel=\"noopener noreferrer\">Vive la r\u00e9duction!<\/a><br \/>\nMartha von <a href='https:\/\/buntkueche.blogspot.com\/2020\/08\/zuckerkuchen-mit-marzipan-und-apfeln.html' target='_blank' rel=\"noopener noreferrer\">Bunte K\u00fcchenabenteuer<\/a><br \/>\nBritta von <a href='https:\/\/brittas-kochbuch.info\/?p=19086' target='_blank' rel=\"noopener noreferrer\">Brittas Kochbuch<\/a><br \/>\nConny von <a href='https:\/\/meinwunderbareschaos.de\/butterkuchen-wie-von-oma' target='_blank' rel=\"noopener noreferrer\">Mein wunderbares Chaos<\/a><br \/>\nAnna von <a href='https:\/\/teigliebe.com\/recipe\/butterkuchen\/' target='_blank' rel=\"noopener noreferrer\">teigliebe<\/a><br \/>\nSandra von <a href='https:\/\/www.from-snuggs-kitchen.com\/2020\/08\/jubilaumsausgabe-synchronbacken-50-mein.html' target='_blank' rel=\"noopener noreferrer\">From Snuggs Kitchen<\/a><br \/>\nAnna von <a href='https:\/\/fraumausm.wordpress.com\/?p=1157' target='_blank' rel=\"noopener noreferrer\">Frau M aus M<\/a><\/p>\n","protected":false},"excerpt":{"rendered":"<p>Bereits zum 50. mal wird synchrongebacken. Fr\u00fcher war ich beim WorldBreadBakingDay dabei und bin bei #45 beim Synchronbacken eingestiegen. Es macht sehr viel Spa\u00df, obwohl mir die Rezepte oft beim ersten Mal nicht gelingen, aber ich lerne viel daraus. Auch wenn ich danach die Blogposts der anderen Teilnehmer lese, lerne ich viel und bekomme neue &hellip; <\/p>\n<p class=\"link-more\"><a href=\"https:\/\/www.fambrenner.de\/Kaffeebohne\/wordpress\/2020\/08\/26\/synchronbacken-50-butterkuchen\/\" class=\"more-link\"><span class=\"screen-reader-text\">\u201e#synchronbacken # 50 &#8211; Butterkuchen\u201c<\/span> weiterlesen<\/a><\/p>\n","protected":false},"author":2,"featured_media":0,"comment_status":"open","ping_status":"open","sticky":false,"template":"","format":"standard","meta":{"_jetpack_memberships_contains_paid_content":false,"footnotes":""},"categories":[14,32],"tags":[512,442,53,450,495],"jetpack_sharing_enabled":true,"jetpack_featured_media_url":"","_links":{"self":[{"href":"https:\/\/www.fambrenner.de\/Kaffeebohne\/wordpress\/wp-json\/wp\/v2\/posts\/10586"}],"collection":[{"href":"https:\/\/www.fambrenner.de\/Kaffeebohne\/wordpress\/wp-json\/wp\/v2\/posts"}],"about":[{"href":"https:\/\/www.fambrenner.de\/Kaffeebohne\/wordpress\/wp-json\/wp\/v2\/types\/post"}],"author":[{"embeddable":true,"href":"https:\/\/www.fambrenner.de\/Kaffeebohne\/wordpress\/wp-json\/wp\/v2\/users\/2"}],"replies":[{"embeddable":true,"href":"https:\/\/www.fambrenner.de\/Kaffeebohne\/wordpress\/wp-json\/wp\/v2\/comments?post=10586"}],"version-history":[{"count":11,"href":"https:\/\/www.fambrenner.de\/Kaffeebohne\/wordpress\/wp-json\/wp\/v2\/posts\/10586\/revisions"}],"predecessor-version":[{"id":10602,"href":"https:\/\/www.fambrenner.de\/Kaffeebohne\/wordpress\/wp-json\/wp\/v2\/posts\/10586\/revisions\/10602"}],"wp:attachment":[{"href":"https:\/\/www.fambrenner.de\/Kaffeebohne\/wordpress\/wp-json\/wp\/v2\/media?parent=10586"}],"wp:term":[{"taxonomy":"category","embeddable":true,"href":"https:\/\/www.fambrenner.de\/Kaffeebohne\/wordpress\/wp-json\/wp\/v2\/categories?post=10586"},{"taxonomy":"post_tag","embeddable":true,"href":"https:\/\/www.fambrenner.de\/Kaffeebohne\/wordpress\/wp-json\/wp\/v2\/tags?post=10586"}],"curies":[{"name":"wp","href":"https:\/\/api.w.org\/{rel}","templated":true}]}}