{"id":10450,"date":"2020-07-19T20:17:26","date_gmt":"2020-07-19T18:17:26","guid":{"rendered":"http:\/\/www.fambrenner.de\/Kaffeebohne\/wordpress\/?p=10450"},"modified":"2020-08-14T23:08:34","modified_gmt":"2020-08-14T21:08:34","slug":"kulinarische-weltreise-schweden-sommersalat","status":"publish","type":"post","link":"https:\/\/www.fambrenner.de\/Kaffeebohne\/wordpress\/2020\/07\/19\/kulinarische-weltreise-schweden-sommersalat\/","title":{"rendered":"Kulinarische Weltreise &#8211; Schweden &#8211; Sommersalat"},"content":{"rendered":"<p><a href='http:\/\/volkermampft.de\/schwedische-rezepte-und-gerichte-leckeres-aus-der-kueche-schwedens' title='Blogger Aktion \"Die kulinarische Weltreise\" von @volkermampft h\u00e4lt in Schweden'><img src='http:\/\/volkermampft.de\/wp-content\/uploads\/2018\/02\/kulinarische_weltreise_500x200.png' width='500' height='200' alt='Blogger Aktion \"Die kulinarische Weltreise\" von @volkermampft h\u00e4lt in Schweden'\/><\/a><\/p>\n<p>Unsere Weltreise mit <a href=\"https:\/\/volkermampft.de\" rel=\"noopener noreferrer\" target=\"_blank\">Reiseleiter Volker<\/a> geht weiter und sie f\u00fchrt uns in diesem Monat nach <a href=\"https:\/\/volkermampft.de\/schwedische-rezepte-und-gerichte-leckeres-aus-der-kueche-schwedens\/\" rel=\"noopener noreferrer\" target=\"_blank\">Schweden<\/a>.<\/p>\n<p>Der n\u00f6rdlichste Punkt, den ich je besucht habe, ist Husum und alles was ich \u00fcber Schweden wei\u00df, habe ich von Petterson &#038; Findus, Michel aus L\u00f6nneberga, Bullerb\u00fc und \u00e4hnlichem. Kulinarisches kenne ich nur aus dem SB-Restaurant beim M\u00f6belschweden. <\/p>\n<p>Ich bin bei Postcrossing und schicke und erhalte Postkarten aus aller Welt. Immer, wenn ich Zeit habe, dann schaue ich mir eine Dokumentation \u00fcber das Land oder den Landstrich an, aus dem die Postkarte kommt und ich habe schon tolle Bilder aus Schweden gesehen. <\/p>\n<p>In der B\u00fccherei habe ich &#8218;Das Schweden Kochbuch&#8216; von Margareta Schildt Landgren gefunden. Das Buch ist nach Jahreszeiten unterteilt und es gibt noch zus\u00e4tzliche Eintr\u00e4ge zu Feiertagen und Br\u00e4uchen. Jedes Rezept hat eine kleine pers\u00f6nliche Einleitung von Margareta Schildt Landgren und sie verwendet viele Bilder ihrer Tochter. Ich konnte mich gut in alles hereinversetzen und habe das Buch sehr gerne gelesen.<\/p>\n<p>Mich hat das Rezept f\u00fcr den Sommersalat sehr angesprochen. Ich habe ihn f\u00fcr vier Personen zubereitet und am ersten Tag lauwarm gegessen und am zweiten Tag dann kalt. Beides hat uns sehr gut geschmeckt. Als Beilage gab es einen Garnelencocktail, den ich auch noch verbloggen werde und R\u00e4ucherfisch. Das Dressing mit dem s\u00fc\u00dfem Senf hat mich sehr an das Dressing von Graved Lachs erinnert. Geschmacklich mal was ganz anderes, als meine \u00fcblichen Kartoffelsalatdressings. Da sieht man es mal wieder &#8211; auch virtuelles Reisen bildet.<\/p>\n<div style=\" background:#fff; padding:0.5em; cursor:text; \">\n<!-- Tabelle f\u00fcr Rezeptkopf --><\/p>\n<table style=\"width:100%\" border=\"0\" cellspacing=\"0\" cellpadding=\"0\">\n<colgroup>\n<col width=\"160\"\/>\n<col \/><\/colgroup>\n<tr valign=\"top\">\n<td style=\"height:2em\">==========<\/td>\n<td>REZKONV-Rezept &#8211; RezkonvSuite v1.4<\/td>\n<\/tr>\n<tr>\n<td style=\"color:#fff\">Titel:<\/td>\n<td style=\"color:#8B4513; font-size:140%; font-weight:bold\">Sommersalat<\/td>\n<\/tr>\n<tr>\n<td style=\"color:#fff\">Kategorien:<\/td>\n<td>Salat, Kartoffeln, Vegetarisch, Schweden<\/td>\n<\/tr>\n<tr>\n<td style=\"color:#fff\">Menge:<\/td>\n<td>4 Portionen<\/td>\n<\/tr>\n<\/table>\n<p><!-- Ende Rezeptkopf --><\/p>\n<p style=\"margin:1.0em 0; text-align:center\"><img decoding=\"async\" src=\"http:\/\/www.fambrenner.de\/Fotoblog\/Sommersalat.jpg\"\/><\/p>\n<h3 style=\"margin-top:0.8em; margin-bottom:0.2em; color:#8B4513; font-size:110%; font-weight:bold\">Zutaten<\/h3>\n<table style=\"width:100%\" border=\"0\" cellspacing=\"0\" cellpadding=\"0\">\n<colgroup>\n<col width=\"60\"\/>\n<col width=\"92\"\/>\n<col width=\"8\"\/>\n<col \/><\/colgroup>\n<tr>\n<td colspan=\"3\" style=\"color:#fff\">H<\/td>\n<td style=\"color:#000; font-size:100%; font-weight:bold\">SALAT<\/td>\n<\/tr>\n<tr valign=\"top\">\n<td align=\"right\">8-10<\/td>\n<td>&nbsp;<\/td>\n<td>&nbsp;<\/td>\n<td>Neue Kartoffeln, gewaschen und geb&uuml;rstet<\/td>\n<\/tr>\n<tr valign=\"top\">\n<td>&nbsp;<\/td>\n<td>&nbsp;<\/td>\n<td>&nbsp;<\/td>\n<td>Salz<\/td>\n<\/tr>\n<tr valign=\"top\">\n<td align=\"right\">4<\/td>\n<td>&nbsp;<\/td>\n<td>&nbsp;<\/td>\n<td>Fr&uuml;hlingszwiebeln, ganz<\/td>\n<\/tr>\n<tr valign=\"top\">\n<td align=\"right\">8<\/td>\n<td>&nbsp;<\/td>\n<td>&nbsp;<\/td>\n<td>Radieschen, ganz<\/td>\n<\/tr>\n<tr valign=\"top\">\n<td align=\"right\">200<\/td>\n<td align=\"right\">Gramm<\/td>\n<td>&nbsp;<\/td>\n<td>Zuckerschoten, ganz<\/td>\n<\/tr>\n<tr style=\"height:1.9em; vertical-align:bottom;\">\n<td colspan=\"3\" style=\"color:#fff\">H<\/td>\n<td style=\"color:#000; font-size:100%; font-weight:bold\">DRESSING<\/td>\n<\/tr>\n<tr valign=\"top\">\n<td align=\"right\">50<\/td>\n<td align=\"right\">ml<\/td>\n<td>&nbsp;<\/td>\n<td>Raps&ouml;l<\/td>\n<\/tr>\n<tr valign=\"top\">\n<td align=\"right\">2<\/td>\n<td align=\"right\">Essl.<\/td>\n<td>&nbsp;<\/td>\n<td>Wei&szlig;weinessig<\/td>\n<\/tr>\n<tr valign=\"top\">\n<td align=\"right\">2<\/td>\n<td align=\"right\">Essl.<\/td>\n<td>&nbsp;<\/td>\n<td>S&uuml;&szlig;licher senf<\/td>\n<\/tr>\n<tr valign=\"top\">\n<td align=\"right\">1<\/td>\n<td align=\"right\">Teel.<\/td>\n<td>&nbsp;<\/td>\n<td>Frischer Thymian<\/td>\n<\/tr>\n<tr valign=\"top\">\n<td>&nbsp;<\/td>\n<td>&nbsp;<\/td>\n<td>&nbsp;<\/td>\n<td>Salz<\/td>\n<\/tr>\n<tr valign=\"top\">\n<td>&nbsp;<\/td>\n<td>&nbsp;<\/td>\n<td>&nbsp;<\/td>\n<td>Pfeffer a.d.M<\/td>\n<\/tr>\n<\/table>\n<h3 style=\"margin-top:0.8em; margin-bottom:0.2em; color:#8B4513; font-size:110%; font-weight:bold\">Quelle<\/h3>\n<table style=\"width:100%\" border=\"0\" cellspacing=\"0\" cellpadding=\"0\">\n<colgroup>\n<col width=\"100\"\/>\n<col \/><\/colgroup>\n<tr>\n<td>&nbsp;<\/td>\n<td>Margareta Schildt Landgren<\/td>\n<\/tr>\n<tr>\n<td>&nbsp;<\/td>\n<td>Das Schweden Kochbuch<\/td>\n<\/tr>\n<tr>\n<td>&nbsp;<\/td>\n<td>Seite 125<\/td>\n<\/tr>\n<\/table>\n<table style=\"width:100%\" border=\"0\" cellspacing=\"0\" cellpadding=\"0\">\n<colgroup>\n<col width=\"160\"\/>\n<col \/><\/colgroup>\n<tr>\n<td>&nbsp;<\/td>\n<td>Erfasst *RK* 13.07.2020 von<\/td>\n<\/tr>\n<tr>\n<td>&nbsp;<\/td>\n<td>Katja Brenner<\/td>\n<\/tr>\n<\/table>\n<h3 style=\"margin-top:0.8em; margin-bottom:0.2em; color:#8B4513; font-size:110%; font-weight:bold\">Zubereitung<\/h3>\n<p>1. Gro&szlig;e Kartoffeln evtl. halbieren. Kartoffeln in leicht gesalzenem Wasser kochen. Einige Minuten vor Ende der Kochzeit das &uuml;brige Gem&uuml;se zugeben und kurz mitgaren. Abgie&szlig;en, abschrecken, abk&uuml;hlen lassen.<\/p>\n<p>2. Die Zutaten f&uuml;r das Dressing verr&uuml;hren. Vorsichtig mit dem Gem&uuml;se mischen. Der Salat schmeckt lauwarm oder kalt.<\/p>\n<p>=====<\/p>\n<\/div>\n<p><strong>Meine Reisebegleiter durch Schweden sind:<\/strong><\/p>\n<p><strong>Andrea von our food creations<\/strong> mit <a href='https:\/\/ourfoodcreations.blogspot.com\/2020\/07\/kulinarische-weltreise-schweden-teil-ii.html' target='_blank' rel=\"noopener noreferrer\" title='Glasierter Senf-Preiselbeer-Braten mit Honig-Senf-Sauce'>Glasierter Senf-Preiselbeer-Braten mit Honig-Senf-Sauce<\/a>, <a href='https:\/\/ourfoodcreations.blogspot.com\/2020\/07\/kulinarische-weltreise-schweden-teil-i.html' target='_blank' rel=\"noopener noreferrer\" title='Vollwert-Kn\u00e4cke mit Kr\u00e4uter-Radieschen-Quark'>Vollwert-Kn\u00e4cke mit Kr\u00e4uter-Radieschen-Quark<\/a>, <a href='https:\/\/ourfoodcreations.blogspot.com\/2020\/07\/kulinarische-weltreise-schweden-teil-iii.html' target='_blank' rel=\"noopener noreferrer\" title='Kleine F(r)ischk\u00e4se T\u00f6rtchen - angelehnt an die schwedische Sm\u00f6rg\u00e5st\u00e5rta'>Kleine F(r)ischk\u00e4se T\u00f6rtchen &#8211; angelehnt an die schwedische Sm\u00f6rg\u00e5st\u00e5rta<\/a>, <strong>Britta von Backmaedchen 1967<\/strong> mit <a href='https:\/\/backmaedchen1967.de\/schwedische-haferflocken-kekse\/' target='_blank' rel=\"noopener noreferrer\" title='Schwedische Haferflocken-Kekse'>Schwedische Haferflocken-Kekse<\/a>, <strong>Britta von Brittas Kochbuch<\/strong> mit <a href='https:\/\/brittas-kochbuch.info\/?p=18616' target='_blank' rel=\"noopener noreferrer\" title='Svenks Sommarsoppa - Schwedische Sommersuppe'>Svenks Sommarsoppa &#8211; Schwedische Sommersuppe<\/a>, <a href='https:\/\/brittas-kochbuch.info\/?p=18709' target='_blank' rel=\"noopener noreferrer\" title='Krispig Bl\u00e5b\u00e4rpaj - Knusperblaubeerkuchen'>Krispig Bl\u00e5b\u00e4rpaj &#8211; Knusperblaubeerkuchen<\/a>, Britta von Brittas Kochbuch mit <a href='https:\/\/brittas-kochbuch.info\/?p=18766' target='_blank' rel=\"noopener noreferrer\" title='Kn\u00e4ckebr\u00f6d - Kn\u00e4ckebrot'>Kn\u00e4ckebr\u00f6d &#8211; Kn\u00e4ckebrot<\/a>, <a href='https:\/\/brittas-kochbuch.info\/?p=18840' target='_blank' rel=\"noopener noreferrer\" title='Schwedische Haferkekse'>Schwedische Haferkekse<\/a>, <strong>Carina von Coffee2Stay<\/strong> mit <a href='https:\/\/coffee2stay.wordpress.com\/2020\/07\/11\/exotisches-schweden-schweinefilet-mit-banane' target='_blank' rel=\"noopener noreferrer\" title='Fl\u00e4skfile med banan - Schweinefilet mit Banane'>Fl\u00e4skfile med banan &#8211; Schweinefilet mit Banane<\/a>, Carina von Coffee2Stay mit <a href='https:\/\/coffee2stay.wordpress.com\/2020\/07\/13\/lecker-liebe-schweden-kaerleksmums\/' target='_blank' rel=\"noopener noreferrer\" title='K\u00e4rleksmums'>K\u00e4rleksmums<\/a>, <a href='https:\/\/coffee2stay.wordpress.com\/2020\/07\/26\/groetbroed-schwedisches-haferbrei-brot\/' target='_blank' rel=\"noopener noreferrer\" title='Gr\u00f6tbr\u00f6d - Porridge-Brot'>Gr\u00f6tbr\u00f6d &#8211; Porridge-Brot<\/a>, <strong>Christian von SavoryLens<\/strong> mit <a href='https:\/\/ourfoodcreations.blogspot.com\/2020\/07\/kulinarische-weltreise-schweden-teil-i.html' target='_blank' rel=\"noopener noreferrer\" title='Chokladbollar - Schwedische Schokoladenkugeln'>Chokladbollar &#8211; Schwedische Schokoladenkugeln<\/a>, Conny von food for the soul mit <a href='https:\/\/foodforthesoul.de\/kanelbullar-schwedische-zimtschnecken\/' target='_blank' rel=\"noopener noreferrer\" title='Kanelbullar - schwedische Zimtschnecken'>Kanelbullar &#8211; schwedische Zimtschnecken<\/a>, <strong>Conny von Mein wunderbares Chaos<\/strong> mit <a href='https:\/\/meinwunderbareschaos.de\/weisser-kladdkaka---schwedischer-schokokuchen\/' target='_blank' rel=\"noopener noreferrer\" title='Wei\u00dfer Kladdkaka - schwedischer Schokokuchen'>Wei\u00dfer Kladdkaka &#8211; schwedischer Schokokuchen<\/a>, Henrike von EinfachSchweden mit <a href='https:\/\/einfachschweden.de\/flygande-jakob\/' target='_blank' rel=\"noopener noreferrer\" title='Flygande Jakob'>Flygande Jakob<\/a>, <strong>Henrike von EinfachSchweden<\/strong> mit <a href='https:\/\/einfachschweden.de\/zimtschnecken-ruehrkuchen\/' target='_blank' rel=\"noopener noreferrer\" title='Saftiger Zimtschnecken-R\u00fchrkuchen - Kanelbullesockerkaka'>Saftiger Zimtschnecken-R\u00fchrkuchen &#8211; Kanelbullesockerkaka<\/a>, <strong>Janke von Jankes*Soulfood<\/strong> mit <a href='https:\/\/www.jankessoulfood.com\/2020\/07\/schwedische-blaubeersuppe.html' target='_blank' rel=\"noopener noreferrer\" title='Bl\u00e5b\u00e4rssoppa - schwedische Blaubeersuppe mit Grie\u00dfkl\u00f6\u00dfchen'>Bl\u00e5b\u00e4rssoppa &#8211; schwedische Blaubeersuppe mit Grie\u00dfkl\u00f6\u00dfchen<\/a>, <strong>Nadine von M\u00f6hreneck<\/strong> mit <a href='https:\/\/www.moehreneck.de\/2020\/07\/06\/vegane-koettbullar-mit-rahmsauce\/' target='_blank' rel=\"noopener noreferrer\" title='K\u00f6ttbullar mit Rahmsauce (vegan)'>K\u00f6ttbullar mit Rahmsauce (vegan)<\/a>, <a href='https:\/\/www.moehreneck.de\/2020\/07\/28\/vegane-kanelbullar\/' target='_blank' rel=\"noopener noreferrer\" title='vegane Kanelbullar'>vegane Kanelbullar<\/a>, <strong>Petra aka Cascabel von Chili und Ciabatta<\/strong> mit <a href='https:\/\/chili-und-ciabatta.de\/2020\/07\/pyttipanna-mit-eingelegten-roten-beten\/' target='_blank' rel=\"noopener noreferrer\" title='Pyttipanna'>Pyttipanna<\/a>, <a href='https:\/\/chili-und-ciabatta.de\/2020\/07\/sockerkringlor-mit-zitronenfuellung\/' target='_blank' rel=\"noopener noreferrer\" title='Sockerkringlor mit Zitronenf\u00fcllung'>Sockerkringlor mit Zitronenf\u00fcllung<\/a>, <a href='https:\/\/chili-und-ciabatta.de\/2020\/07\/wallenbergare-mit-sommerkohl-und-kartoffelstampf\/' target='_blank' rel=\"noopener noreferrer\" title='Wallenbergare mit Sommerkohl und Kartoffelstampf'>Wallenbergare mit Sommerkohl und Kartoffelstampf<\/a>, <strong>Ronald von Fr\u00e4nkische Tapas<\/strong> mit <a href='https:\/\/fraenkische-tapas.de\/schwedischer-heringssalat\/' target='_blank' rel=\"noopener noreferrer\" title='Schwedischer Heringssalat'>Schwedischer Heringssalat<\/a>, <strong>Simone von zimtkringel<\/strong> mit <a href='https:\/\/www.zimtkringel.org\/2020\/07\/18\/janssons-frestelse-janssons-versuchung\/' target='_blank' rel=\"noopener noreferrer\" title='Janssons frestelse - Janssons Versuchung'>Janssons frestelse &#8211; Janssons Versuchung<\/a>, <strong>Sonja von fluffig &#038; hart<\/strong> mit <a href='https:\/\/fluffigundhart.de\/recipe\/schwedische-mandeltorte\/' target='_blank' rel=\"noopener noreferrer\" title='Mandelt\u00e5rta - Schwedische Mandeltorte mit Johannisbeeren'>Mandelt\u00e5rta &#8211; Schwedische Mandeltorte mit Johannisbeeren<\/a>, <strong>Sus von CorumBlog 2.0<\/strong> mit <a href='http:\/\/wassersch.eu\/corumblog\/2020\/07\/schwedisches-helles-karottenbrot-aus-jokkmokk' target='_blank' rel=\"noopener noreferrer\" title='Schwedisches helles Karottenbrot'>Schwedisches helles Karottenbrot<\/a>. <a href='https:\/\/wassersch.eu\/corumblog\/2020\/07\/hallongrottor-himbeertoertchen\/' target='_blank' rel=\"noopener noreferrer\" title='Hallongrottor \u2013 Himbeert\u00f6rtchen'>Hallongrottor \u2013 Himbeert\u00f6rtchen<\/a>, <strong>Susanne von magentratzerl<\/strong> mit <a href='https:\/\/magentratzerl.de\/2020\/07\/16\/erbsen-kartoffelknoedel-mit-speck-topping\/' target='_blank' rel=\"noopener noreferrer\" title='Erbsen-Kartoffelkn\u00f6del mit Specktopping'>Erbsen-Kartoffelkn\u00f6del mit Specktopping<\/a>, <strong>Sylvia von Brotwein<\/strong> mit <a href='https:\/\/brotwein.net\/lachs-beizen-rezept-mit-gin-zitrone-und-rote-bete-4696' target='_blank' rel=\"noopener noreferrer\" title='Lachs beizen - Rezept mit Gin, Zitrone und Rote Bete'>Lachs beizen &#8211; Rezept mit Gin, Zitrone und Rote Bete<\/a>, <a href='https:\/\/brotwein.net\/roggen-knaeckebrot-rezept-knusprig-herzhaft-47011' target='_blank' rel=\"noopener noreferrer\" title='Roggen Kn\u00e4ckebrot Rezept - knusprig herzhaft'>Roggen Kn\u00e4ckebrot Rezept &#8211; knusprig herzhaft<\/a>, <strong>Tanja von Tanjas bunte Welt<\/strong> mit <a href='https:\/\/www.tanjaswelt.at\/raggmunk-schwedische-kartoffelpfannkuchen' target='_blank' rel=\"noopener noreferrer\" title='Raggmunk - schwedische Kartoffelpfannkuchen'>Raggmunk &#8211; schwedische Kartoffelpfannkuchen<\/a>, <strong>Tina von K\u00fcchenmomente<\/strong> mit <a href='https:\/\/www.kuechenmomente.de\/broedkakor-rustikales-fladenbrot-aus-schweden\/' target='_blank' rel=\"noopener noreferrer\" title='Br\u00f6dkakor - rustikales Fladenbrot aus Schweden'>Br\u00f6dkakor &#8211; rustikales Fladenbrot aus Schweden<\/a>, <a href='https:\/\/www.kuechenmomente.de\/typisch-schwedische-zimtschnecken-mal-anders\/' target='_blank' rel=\"noopener noreferrer\" title='Typisch schwedische Zimtschnecken mal anders'>Typisch schwedische Zimtschnecken mal anders<\/a>, <strong>Ulrike von K\u00fcchenlatein<\/strong> mit <a href='https:\/\/kuechenlatein.com\/?p=52188' target='_blank' rel=\"noopener noreferrer\" title='Hasseln\u00f6tskaka med kaffe - Haselnusskuchen mit Kaffee'>Hasseln\u00f6tskaka med kaffe &#8211; Haselnusskuchen mit Kaffee<\/a>, <a href='https:\/\/kuechenlatein.com\/citrondroemmar-zitronentraum\/' target='_blank' rel=\"noopener noreferrer\" title='Citrondr\u00f6mmar - Zitronentraum'>Citrondr\u00f6mmar &#8211; Zitronentraum<\/a>, <a href='https:\/\/kuechenlatein.com\/pilzsuppe-mit-aepfeln-und-thymian\/' target='_blank' rel=\"noopener noreferrer\" title='Pilzsuppe mit \u00c4pfeln und Thymian'>Pilzsuppe mit \u00c4pfeln und Thymian<\/a>, <a href='https:\/\/kuechenlatein.com\/safranpfannkuchen-saffranspannkaka\/' target='_blank' rel=\"noopener noreferrer\" title='Safranpfannkuchen \u2013 Saffranspannkaka'>Safranpfannkuchen \u2013 Saffranspannkaka<\/a>, <a href='https:\/\/kuechenlatein.com\/stachelbeerkuchen-mit-mandel-krusbaerspaj-med-mandel\/' target='_blank' rel=\"noopener noreferrer\" title='Stachelbeerkuchen mit Mandel - Krusb\u00e4rspaj med mandel'>Stachelbeerkuchen mit Mandel &#8211; Krusb\u00e4rspaj med mandel<\/a>, <strong>Ute von wiesengenuss<\/strong> mit <a href='https:\/\/wiesengenusskueche.blogspot.com\/2020\/07\/kaldolme-mit-moosbeeren.html' target='_blank' rel=\"noopener noreferrer\" title='K\u00c5LDOLME - mit Moosbeeren'>K\u00c5LDOLME &#8211; mit Moosbeeren<\/a>, <strong>Volker von Volkermampft<\/strong> mit <a href='https:\/\/volkermampft.de\/kalops-schwedisches-rindergulasch-mit-roter-beete' target='_blank' rel=\"noopener noreferrer\" title='Kalops - Schwedisches Rindergulasch mit Roter Beete'>Kalops &#8211; Schwedisches Rindergulasch mit Roter Beete<\/a>, <a href='https:\/\/volkermampft.de\/schwedische-koettbullar-besser-als-bei-ikea' target='_blank' rel=\"noopener noreferrer\" title='Schwedische K\u00f6ttbullar - besser als bei Ikea!'>Schwedische K\u00f6ttbullar &#8211; besser als bei Ikea!<\/a>, <strong>Wilma von Pane-Bistecca<\/strong> mit <a href='http:\/\/pane-bistecca.com\/2020\/07\/05\/kroppkakor-schwedische-kartoffelkloesse-swedish-potato-dumplings\/' target='_blank' rel=\"noopener noreferrer\" title='Kroppkakor - Schwedische Kartoffelkloesse'>Kroppkakor &#8211; Schwedische Kartoffelkloesse<\/a>, <a href='http:\/\/pane-bistecca.com\/2020\/07\/08\/svenska-kottbullar-schwedische-hackfleischbaellchen-swedish-meatballs\/' target='_blank' rel=\"noopener noreferrer\" title='Svenska Koettbullar - Schwedische Hackfleischbaellchen'>Svenska Koettbullar &#8211; Schwedische Hackfleischbaellchen<\/a><\/p>\n","protected":false},"excerpt":{"rendered":"<p>Unsere Weltreise mit Reiseleiter Volker geht weiter und sie f\u00fchrt uns in diesem Monat nach Schweden. Der n\u00f6rdlichste Punkt, den ich je besucht habe, ist Husum und alles was ich \u00fcber Schweden wei\u00df, habe ich von Petterson &#038; Findus, Michel aus L\u00f6nneberga, Bullerb\u00fc und \u00e4hnlichem. Kulinarisches kenne ich nur aus dem SB-Restaurant beim M\u00f6belschweden. Ich &hellip; <\/p>\n<p class=\"link-more\"><a href=\"https:\/\/www.fambrenner.de\/Kaffeebohne\/wordpress\/2020\/07\/19\/kulinarische-weltreise-schweden-sommersalat\/\" class=\"more-link\"><span class=\"screen-reader-text\">\u201eKulinarische Weltreise &#8211; Schweden &#8211; Sommersalat\u201c<\/span> weiterlesen<\/a><\/p>\n","protected":false},"author":2,"featured_media":0,"comment_status":"open","ping_status":"open","sticky":false,"template":"","format":"standard","meta":{"_jetpack_memberships_contains_paid_content":false,"footnotes":""},"categories":[14,37,10],"tags":[442,446,482,452,302,440],"jetpack_sharing_enabled":true,"jetpack_featured_media_url":"","_links":{"self":[{"href":"https:\/\/www.fambrenner.de\/Kaffeebohne\/wordpress\/wp-json\/wp\/v2\/posts\/10450"}],"collection":[{"href":"https:\/\/www.fambrenner.de\/Kaffeebohne\/wordpress\/wp-json\/wp\/v2\/posts"}],"about":[{"href":"https:\/\/www.fambrenner.de\/Kaffeebohne\/wordpress\/wp-json\/wp\/v2\/types\/post"}],"author":[{"embeddable":true,"href":"https:\/\/www.fambrenner.de\/Kaffeebohne\/wordpress\/wp-json\/wp\/v2\/users\/2"}],"replies":[{"embeddable":true,"href":"https:\/\/www.fambrenner.de\/Kaffeebohne\/wordpress\/wp-json\/wp\/v2\/comments?post=10450"}],"version-history":[{"count":13,"href":"https:\/\/www.fambrenner.de\/Kaffeebohne\/wordpress\/wp-json\/wp\/v2\/posts\/10450\/revisions"}],"predecessor-version":[{"id":10542,"href":"https:\/\/www.fambrenner.de\/Kaffeebohne\/wordpress\/wp-json\/wp\/v2\/posts\/10450\/revisions\/10542"}],"wp:attachment":[{"href":"https:\/\/www.fambrenner.de\/Kaffeebohne\/wordpress\/wp-json\/wp\/v2\/media?parent=10450"}],"wp:term":[{"taxonomy":"category","embeddable":true,"href":"https:\/\/www.fambrenner.de\/Kaffeebohne\/wordpress\/wp-json\/wp\/v2\/categories?post=10450"},{"taxonomy":"post_tag","embeddable":true,"href":"https:\/\/www.fambrenner.de\/Kaffeebohne\/wordpress\/wp-json\/wp\/v2\/tags?post=10450"}],"curies":[{"name":"wp","href":"https:\/\/api.w.org\/{rel}","templated":true}]}}