{"id":10259,"date":"2020-05-07T12:00:20","date_gmt":"2020-05-07T10:00:20","guid":{"rendered":"http:\/\/www.fambrenner.de\/Kaffeebohne\/wordpress\/?p=10259"},"modified":"2020-05-06T20:28:52","modified_gmt":"2020-05-06T18:28:52","slug":"veggie-tag-pastasotto-alla-verdura","status":"publish","type":"post","link":"https:\/\/www.fambrenner.de\/Kaffeebohne\/wordpress\/2020\/05\/07\/veggie-tag-pastasotto-alla-verdura\/","title":{"rendered":"Veggie-Tag: Pastasotto alla verdura"},"content":{"rendered":"<p>Es ist wieder Veggie-Tag. An manchen Tagen bereite ich mehrere Sachen und Zwischenprodukte (wie zB Pesto), bereite Gem\u00fcse zum Fermentieren zu und an anderen Tagen habe ich \u00fcberhaupt keine Lust auf K\u00fcche. Ich hoffe, das \u00e4ndert sich wieder.<\/p>\n<p>Ich bin jetzt seit einiger Zeit bei Insta und habe fast nur Kochblogger, Kochseiten oder K\u00f6che abonniert. Da laufen mir sehr viele lecker Gerichte \u00fcber den Weg, so wie auch das <a href=\"https:\/\/www.kuechengoetter.de\/rezepte\/pastasotto-alla-verdura-96037\" rel=\"noopener noreferrer\" target=\"_blank\">Pastasotto alla verdura<\/a>, das es bei den <a href=\"https:\/\/www.kuechengoetter.de\" rel=\"noopener noreferrer\" target=\"_blank\">K\u00fccheng\u00f6ttern<\/a> gab.<\/p>\n<p>Es hat uns allen sehr gut geschmeckt, wobei meine Tochter unauff\u00e4llig Aubergine und Zucchini aussortiert hat und die Portion auch nicht ganz geschafft hat. Dieses Pastasotto gibt es sicher nochmal.<\/p>\n<div style=\" background:#fff; padding:0.5em; cursor:text; \">\n<!-- Tabelle f\u00fcr Rezeptkopf --><\/p>\n<table style=\"width:100%\" cellspacing=\"0\" cellpadding=\"0\" border=\"0\">\n<colgroup>\n<col width=\"160\"\/>\n<col \/><\/colgroup>\n<tbody>\n<tr valign=\"top\">\n<td style=\"height:2em\">==========<\/td>\n<td>REZKONV-Rezept &#8211; RezkonvSuite v1.4<\/td>\n<\/tr>\n<tr>\n<td style=\"color:#fff\">Titel:<\/td>\n<td style=\"color:#8B4513; font-size:140%; font-weight:bold\">Pastasotto alla verdura<\/td>\n<\/tr>\n<tr>\n<td style=\"color:#fff\">Kategorien:<\/td>\n<td>Nudeln, Vegetarisch<\/td>\n<\/tr>\n<tr>\n<td style=\"color:#fff\">Menge:<\/td>\n<td>4 Portionen<\/td>\n<\/tr>\n<\/tbody>\n<\/table>\n<p><!-- Ende Rezeptkopf --><\/p>\n<p style=\"margin:1.0em 0; text-align:center\"><img decoding=\"async\" src=\"http:\/\/www.fambrenner.de\/Fotoblog\/Pastasotto alla verdura.jpg\"\/><\/p>\n<h3 style=\"margin-top:0.8em; margin-bottom:0.2em; color:#8B4513; font-size:110%; font-weight:bold\">Zutaten<\/h3>\n<table style=\"width:100%\" cellspacing=\"0\" cellpadding=\"0\" border=\"0\">\n<colgroup>\n<col width=\"60\"\/>\n<col width=\"92\"\/>\n<col width=\"8\"\/>\n<col \/><\/colgroup>\n<tbody>\n<tr valign=\"top\">\n<td align=\"right\">1<\/td>\n<td>&nbsp;<\/td>\n<td>&nbsp;<\/td>\n<td>Rote Zwiebel<\/td>\n<\/tr>\n<tr valign=\"top\">\n<td align=\"right\">1<\/td>\n<td>&nbsp;<\/td>\n<td>&nbsp;<\/td>\n<td>Knoblauchzehe<\/td>\n<\/tr>\n<tr valign=\"top\">\n<td align=\"right\">1<\/td>\n<td align=\"right\">klein.<\/td>\n<td>&nbsp;<\/td>\n<td>Rote Chilischote<\/td>\n<\/tr>\n<tr valign=\"top\">\n<td align=\"right\">1<\/td>\n<td align=\"right\">klein.<\/td>\n<td>&nbsp;<\/td>\n<td>Aubergine<\/td>\n<\/tr>\n<tr valign=\"top\">\n<td align=\"right\">1<\/td>\n<td align=\"right\">klein.<\/td>\n<td>&nbsp;<\/td>\n<td>Zucchini<\/td>\n<\/tr>\n<tr valign=\"top\">\n<td align=\"right\">250<\/td>\n<td align=\"right\">Gramm<\/td>\n<td>&nbsp;<\/td>\n<td>Kirschtomaten<\/td>\n<\/tr>\n<tr valign=\"top\">\n<td align=\"right\">8<\/td>\n<td align=\"right\">Stiele<\/td>\n<td>&nbsp;<\/td>\n<td>Basilikum<\/td>\n<\/tr>\n<tr valign=\"top\">\n<td align=\"right\">4<\/td>\n<td align=\"right\">Essl.<\/td>\n<td>&nbsp;<\/td>\n<td>\u00d6l<\/td>\n<\/tr>\n<tr valign=\"top\">\n<td align=\"right\">300<\/td>\n<td align=\"right\">Gramm<\/td>\n<td>&nbsp;<\/td>\n<td>Reisnudeln<\/td>\n<\/tr>\n<tr valign=\"top\">\n<td align=\"right\">500<\/td>\n<td align=\"right\">ml<\/td>\n<td>&nbsp;<\/td>\n<td>Gem\u00fcsebr\u00fche<\/td>\n<\/tr>\n<tr valign=\"top\">\n<td align=\"right\">1<\/td>\n<td align=\"right\">Dose<\/td>\n<td>&nbsp;<\/td>\n<td>St\u00fcckige Tomaten<\/td>\n<\/tr>\n<tr valign=\"top\">\n<td>&nbsp;<\/td>\n<td>&nbsp;<\/td>\n<td>&nbsp;<\/td>\n<td>Salz<\/td>\n<\/tr>\n<tr valign=\"top\">\n<td>&nbsp;<\/td>\n<td>&nbsp;<\/td>\n<td>&nbsp;<\/td>\n<td>Pfeffer<\/td>\n<\/tr>\n<tr valign=\"top\">\n<td align=\"right\">40<\/td>\n<td align=\"right\">Gramm<\/td>\n<td>&nbsp;<\/td>\n<td>Montello<\/td>\n<\/tr>\n<\/tbody>\n<\/table>\n<h3 style=\"margin-top:0.8em; margin-bottom:0.2em; color:#8B4513; font-size:110%; font-weight:bold\">Quelle<\/h3>\n<table style=\"width:100%\" cellspacing=\"0\" cellpadding=\"0\" border=\"0\">\n<colgroup>\n<col width=\"100\"\/>\n<col \/><\/colgroup>\n<tbody>\n<tr>\n<td>&nbsp;<\/td>\n<td>k\u00fccheng\u00f6tter.de<\/td>\n<\/tr>\n<\/tbody>\n<\/table>\n<table style=\"width:100%\" cellspacing=\"0\" cellpadding=\"0\" border=\"0\">\n<colgroup>\n<col width=\"160\"\/>\n<col \/><\/colgroup>\n<tbody>\n<tr>\n<td>&nbsp;<\/td>\n<td>Erfasst *RK* 03.05.2020 von<\/td>\n<\/tr>\n<tr>\n<td>&nbsp;<\/td>\n<td>Katja Brenner<\/td>\n<\/tr>\n<\/tbody>\n<\/table>\n<h3 style=\"margin-top:0.8em; margin-bottom:0.2em; color:#8B4513; font-size:110%; font-weight:bold\">Zubereitung<\/h3>\n<p>1. Zwiebel und Knoblauch sch\u00e4len, fein w\u00fcrfeln. Chili entkernen und fein hacken. Aubergine, Zucchini, Tomaten und Basilikum abbrausen, abtrocknen oder trocken sch\u00fctteln. Aubergine in kleine W\u00fcrfel schneiden. Zucchini l\u00e4ngs halbieren und in Scheiben schneiden. Tomaten halbieren oder vierteln. Basilikum fein hacken.<\/p>\n<p>2. In einem gro\u00dfen Topf 2 EL \u00d6l erhitzen. Zwiebel und Knoblauch darin and\u00fcnsten. Nudeln und Chili zugeben und kurz and\u00fcnsten. H\u00e4lfte der Br\u00fche und st\u00fcckige Tomaten zugeben, salzen und pfeffern. Einmal aufkochen und bei kleiner Hitze ca. 15 Minuten k\u00f6cheln lassen. Zwischendurch umr\u00fchren, mit restlicher Br\u00fche nachgie\u00dfen.<\/p>\n<p>3. Restliches \u00d6l in einer Pfanne erhitzen, Auberginen und Zucchini darin anbraten. Kirschtomaten unterheben. Mit Salz und Pfeffer w\u00fcrzen und Basilikum unterheben.<\/p>\n<p>4. Pastasotto mit Salz, Pfeffer und Zucker abschmecken. Gem\u00fcse unterheben. Anrichten und mit K\u00e4se bestreuen.<\/p>\n<p>Katja: die Reisnudeln haben etwas l\u00e4nger gebraucht und haben immer mal am Topf angeklebt. Ich habe insgesamt nochmal ca. 200 ml Wasser zugegeben.<\/p>\n<p>=====<\/p>\n<\/div>\n","protected":false},"excerpt":{"rendered":"<p>Es ist wieder Veggie-Tag. An manchen Tagen bereite ich mehrere Sachen und Zwischenprodukte (wie zB Pesto), bereite Gem\u00fcse zum Fermentieren zu und an anderen Tagen habe ich \u00fcberhaupt keine Lust auf K\u00fcche. Ich hoffe, das \u00e4ndert sich wieder. Ich bin jetzt seit einiger Zeit bei Insta und habe fast nur Kochblogger, Kochseiten oder K\u00f6che abonniert. &hellip; <\/p>\n<p class=\"link-more\"><a href=\"https:\/\/www.fambrenner.de\/Kaffeebohne\/wordpress\/2020\/05\/07\/veggie-tag-pastasotto-alla-verdura\/\" class=\"more-link\"><span class=\"screen-reader-text\">\u201eVeggie-Tag: Pastasotto alla verdura\u201c<\/span> weiterlesen<\/a><\/p>\n","protected":false},"author":1,"featured_media":0,"comment_status":"open","ping_status":"open","sticky":false,"template":"","format":"standard","meta":{"_jetpack_memberships_contains_paid_content":false,"footnotes":""},"categories":[27,10],"tags":[439,449,497,307],"jetpack_sharing_enabled":true,"jetpack_featured_media_url":"","_links":{"self":[{"href":"https:\/\/www.fambrenner.de\/Kaffeebohne\/wordpress\/wp-json\/wp\/v2\/posts\/10259"}],"collection":[{"href":"https:\/\/www.fambrenner.de\/Kaffeebohne\/wordpress\/wp-json\/wp\/v2\/posts"}],"about":[{"href":"https:\/\/www.fambrenner.de\/Kaffeebohne\/wordpress\/wp-json\/wp\/v2\/types\/post"}],"author":[{"embeddable":true,"href":"https:\/\/www.fambrenner.de\/Kaffeebohne\/wordpress\/wp-json\/wp\/v2\/users\/1"}],"replies":[{"embeddable":true,"href":"https:\/\/www.fambrenner.de\/Kaffeebohne\/wordpress\/wp-json\/wp\/v2\/comments?post=10259"}],"version-history":[{"count":2,"href":"https:\/\/www.fambrenner.de\/Kaffeebohne\/wordpress\/wp-json\/wp\/v2\/posts\/10259\/revisions"}],"predecessor-version":[{"id":10262,"href":"https:\/\/www.fambrenner.de\/Kaffeebohne\/wordpress\/wp-json\/wp\/v2\/posts\/10259\/revisions\/10262"}],"wp:attachment":[{"href":"https:\/\/www.fambrenner.de\/Kaffeebohne\/wordpress\/wp-json\/wp\/v2\/media?parent=10259"}],"wp:term":[{"taxonomy":"category","embeddable":true,"href":"https:\/\/www.fambrenner.de\/Kaffeebohne\/wordpress\/wp-json\/wp\/v2\/categories?post=10259"},{"taxonomy":"post_tag","embeddable":true,"href":"https:\/\/www.fambrenner.de\/Kaffeebohne\/wordpress\/wp-json\/wp\/v2\/tags?post=10259"}],"curies":[{"name":"wp","href":"https:\/\/api.w.org\/{rel}","templated":true}]}}