{"id":10024,"date":"2020-01-29T18:34:26","date_gmt":"2020-01-29T17:34:26","guid":{"rendered":"http:\/\/www.fambrenner.de\/Kaffeebohne\/wordpress\/?p=10024"},"modified":"2020-02-01T20:08:23","modified_gmt":"2020-02-01T19:08:23","slug":"kulinarische-weltreise-ungarn-beigel-dios-es-makos-beigli","status":"publish","type":"post","link":"https:\/\/www.fambrenner.de\/Kaffeebohne\/wordpress\/2020\/01\/29\/kulinarische-weltreise-ungarn-beigel-dios-es-makos-beigli\/","title":{"rendered":"Kulinarische Weltreise Ungarn- Beigel &#8211; Di\u00f3s \u00e9s m\u00e1kos beigli"},"content":{"rendered":"<p><a href='http:\/\/volkermampft.de\/rezepte-und-gerichte-aus-ungarn-das-beste-der-ungarischen-kueche' title='Blogger Aktion \"Die kulinarische Weltreise\" von @volkermampft h\u00e4lt in Ungarn'><img src='http:\/\/volkermampft.de\/wp-content\/uploads\/2018\/02\/kulinarische_weltreise_500x200.png' width='500' height='200' alt='Blogger Aktion \"Die kulinarische Weltreise\" von @volkermampft h\u00e4lt in Ungarn'\/><\/a><\/p>\n<p>Diesen Monat f\u00fchrt uns die <a href=\"https:\/\/volkermampft.de\/rezepte-und-gerichte-aus-ungarn-das-beste-der-ungarischen-kueche\/\" rel=\"noopener noreferrer\" target=\"_blank\">kulinarische Weltreise<\/a> &#8211; unter der Leitung von <a href=\"https:\/\/volkermampft.de\/\" rel=\"noopener noreferrer\" target=\"_blank\">Volker<\/a> &#8211; nach Ungarn. Vor vielen Jahren &#8211; als sich Firmen das noch geleistet haben &#8211; fand die Jahrestagung meines damaligen Arbeitgebers in Budapest statt. Allerdings waren wir die meiste Zeit mit Tagungen im Hotel besch\u00e4ftigt und waren nur zu einer Stadtrundfahrt und einem Abendessen mal drau\u00dfen. An das Abendessen kann ich mich noch gut erinnern. Es war ein Gasthaus mit karierten Tischdecken. Es gab f\u00fcr alle das gleiche Essen und das wurde in Kocht\u00f6pfen am Tisch serviert und war das, was wir als Gulasch kennen.<\/p>\n<p>Mir ist beim Thema Ungarn gleich dieses leckere Geb\u00e4ck in den Sinn gekommen, dass uns meine Nachbarin an Weihnachten immer schenkt. Bei meinen Recherchen haben ich gelernt, dass der Beigel\/Bejgli\/Beigli in Ungarn an Weihnachten und an Ostern Tradition haben, aber auch das ganze Jahr \u00fcber gebacken wird. <\/p>\n<p>Leider stehe ich zur Zeit mit Frischhefe etwas auf Kriegsfu\u00df. Als ich das erste Mal backen wollte, ist die Hefe nicht gegangen. Gestern &#8218;musste&#8216; ich backen, damit ich noch an der Weltreise teilnehmen kann und auch da ist die Hefe nicht so gut gegangen und das Geb\u00e4ck ist dann beim Backen aufgeplatzt. Ich glaube auch, dass ich vom falschen Ende aus aufgerollt habe. Dem Geschmack hat das alles aber keinen Abbruch getan. Ich vermute mal, dass es in Ungarn jede Familie ihr eigenes Rezept hat. Das, nach dem ich gebacken habe, verwendet im Teig u.a. Schweineschmalz, aber es gibt auch Rezepte im Netz, in denen mit Butter, Margarine oder Saurer Sahne gearbeitet wird.<\/p>\n<p>Ich werde demn\u00e4chst meiner Nachbarin mal meine Beigel-Version zum Kosten vorbei bringen.<\/p>\n<div style=\" background:#fff; padding:0.5em; cursor:text; \">\n<!-- Tabelle f\u00fcr Rezeptkopf --><\/p>\n<table style=\"width:100%\" border=\"0\" cellspacing=\"0\" cellpadding=\"0\">\n<colgroup>\n<col width=\"160\"\/>\n<col \/><\/colgroup>\n<tr valign=\"top\">\n<td style=\"height:2em\">==========<\/td>\n<td>REZKONV-Rezept &#8211; RezkonvSuite v1.4<\/td>\n<\/tr>\n<tr>\n<td style=\"color:#fff\">Titel:<\/td>\n<td style=\"color:#8B4513; font-size:140%; font-weight:bold\">Di&oacute;s &eacute;s m&aacute;kos beigli &#8211; Beigel<\/td>\n<\/tr>\n<tr>\n<td style=\"color:#fff\">Kategorien:<\/td>\n<td>Kuchen, Geb&auml;ck, Ungarn, Mohn, N&uuml;sse<\/td>\n<\/tr>\n<tr>\n<td style=\"color:#fff\">Menge:<\/td>\n<td>4 Rollen<\/td>\n<\/tr>\n<\/table>\n<p><!-- Ende Rezeptkopf --><\/p>\n<p style=\"margin:1.0em 0; text-align:center\"><img decoding=\"async\" src=\"http:\/\/www.fambrenner.de\/Fotoblog\/Beigel.jpg\"\/><\/p>\n<h3 style=\"margin-top:0.8em; margin-bottom:0.2em; color:#8B4513; font-size:110%; font-weight:bold\">Zutaten<\/h3>\n<table style=\"width:100%\" border=\"0\" cellspacing=\"0\" cellpadding=\"0\">\n<colgroup>\n<col width=\"60\"\/>\n<col width=\"92\"\/>\n<col width=\"8\"\/>\n<col \/><\/colgroup>\n<tr>\n<td colspan=\"3\" style=\"color:#fff\">H<\/td>\n<td style=\"color:#000; font-size:100%; font-weight:bold\">TEIG<\/td>\n<\/tr>\n<tr valign=\"top\">\n<td align=\"right\">120<\/td>\n<td align=\"right\">ml<\/td>\n<td>&nbsp;<\/td>\n<td>Milch<\/td>\n<\/tr>\n<tr valign=\"top\">\n<td align=\"right\">1<\/td>\n<td align=\"right\">Teel.<\/td>\n<td>&nbsp;<\/td>\n<td>Zucker<\/td>\n<\/tr>\n<tr valign=\"top\">\n<td align=\"right\">15<\/td>\n<td align=\"right\">Gramm<\/td>\n<td>&nbsp;<\/td>\n<td>Frische Hefe<\/td>\n<\/tr>\n<tr valign=\"top\">\n<td align=\"right\">50<\/td>\n<td align=\"right\">Gramm<\/td>\n<td>&nbsp;<\/td>\n<td>Puderzucker<\/td>\n<\/tr>\n<tr valign=\"top\">\n<td align=\"right\">500<\/td>\n<td align=\"right\">Gramm<\/td>\n<td>&nbsp;<\/td>\n<td>Mehl<\/td>\n<\/tr>\n<tr valign=\"top\">\n<td align=\"right\">100<\/td>\n<td align=\"right\">Gramm<\/td>\n<td>&nbsp;<\/td>\n<td>Butter<\/td>\n<\/tr>\n<tr valign=\"top\">\n<td align=\"right\">100<\/td>\n<td align=\"right\">Gramm<\/td>\n<td>&nbsp;<\/td>\n<td>Schweineschmalz<\/td>\n<\/tr>\n<tr valign=\"top\">\n<td align=\"right\">2<\/td>\n<td>&nbsp;<\/td>\n<td>&nbsp;<\/td>\n<td>Eier<\/td>\n<\/tr>\n<tr valign=\"top\">\n<td align=\"right\">1<\/td>\n<td align=\"right\">Teel.<\/td>\n<td>&nbsp;<\/td>\n<td>Geriebene Zitronenschale<\/td>\n<\/tr>\n<tr valign=\"top\">\n<td align=\"right\">1<\/td>\n<td align=\"right\">Messersp.<\/td>\n<td>&nbsp;<\/td>\n<td>Salz<\/td>\n<\/tr>\n<tr valign=\"top\">\n<td align=\"right\">1<\/td>\n<td align=\"right\">Pack.<\/td>\n<td>&nbsp;<\/td>\n<td>Vanillinzucker<\/td>\n<\/tr>\n<tr style=\"height:1.9em; vertical-align:bottom;\">\n<td colspan=\"3\" style=\"color:#fff\">H<\/td>\n<td style=\"color:#000; font-size:100%; font-weight:bold\">NUSSF&Uuml;LLUNG<\/td>\n<\/tr>\n<tr valign=\"top\">\n<td align=\"right\">100<\/td>\n<td align=\"right\">ml<\/td>\n<td>&nbsp;<\/td>\n<td>Milch<\/td>\n<\/tr>\n<tr valign=\"top\">\n<td align=\"right\">100<\/td>\n<td align=\"right\">Gramm<\/td>\n<td>&nbsp;<\/td>\n<td>Feiner Zucker<\/td>\n<\/tr>\n<tr valign=\"top\">\n<td align=\"right\">1<\/td>\n<td align=\"right\">Pack.<\/td>\n<td>&nbsp;<\/td>\n<td>Vanillinzucker<\/td>\n<\/tr>\n<tr valign=\"top\">\n<td align=\"right\">1\/2<\/td>\n<td align=\"right\">Teel.<\/td>\n<td>&nbsp;<\/td>\n<td>Geriebene Zitronenschale<\/td>\n<\/tr>\n<tr valign=\"top\">\n<td align=\"right\">30<\/td>\n<td align=\"right\">Gramm<\/td>\n<td>&nbsp;<\/td>\n<td>Rosinen<\/td>\n<\/tr>\n<tr valign=\"top\">\n<td align=\"right\">1<\/td>\n<td align=\"right\">Messersp.<\/td>\n<td>&nbsp;<\/td>\n<td>Zimt<\/td>\n<\/tr>\n<tr valign=\"top\">\n<td align=\"right\">250<\/td>\n<td align=\"right\">Gramm<\/td>\n<td>&nbsp;<\/td>\n<td>Gemahlene N&uuml;sse<\/td>\n<\/tr>\n<tr valign=\"top\">\n<td align=\"right\">3-4<\/td>\n<td align=\"right\">Essl.<\/td>\n<td>&nbsp;<\/td>\n<td>Honig<\/td>\n<\/tr>\n<tr style=\"height:1.9em; vertical-align:bottom;\">\n<td colspan=\"3\" style=\"color:#fff\">H<\/td>\n<td style=\"color:#000; font-size:100%; font-weight:bold\">MOHNF&Uuml;LLUNG<\/td>\n<\/tr>\n<tr valign=\"top\">\n<td align=\"right\">100<\/td>\n<td align=\"right\">ml<\/td>\n<td>&nbsp;<\/td>\n<td>Milch<\/td>\n<\/tr>\n<tr valign=\"top\">\n<td align=\"right\">250<\/td>\n<td align=\"right\">Gramm<\/td>\n<td>&nbsp;<\/td>\n<td>Puderzucker<\/td>\n<\/tr>\n<tr valign=\"top\">\n<td align=\"right\">1<\/td>\n<td align=\"right\">Pack.<\/td>\n<td>&nbsp;<\/td>\n<td>Vanillinzucker<\/td>\n<\/tr>\n<tr valign=\"top\">\n<td align=\"right\">250<\/td>\n<td align=\"right\">Gramm<\/td>\n<td>&nbsp;<\/td>\n<td>Gemahlener Mohn<\/td>\n<\/tr>\n<tr valign=\"top\">\n<td align=\"right\">30<\/td>\n<td align=\"right\">Gramm<\/td>\n<td>&nbsp;<\/td>\n<td>Rosinen<\/td>\n<\/tr>\n<tr valign=\"top\">\n<td align=\"right\">1<\/td>\n<td align=\"right\">Teel.<\/td>\n<td>&nbsp;<\/td>\n<td>Geriebene zitronenschale<\/td>\n<\/tr>\n<tr valign=\"top\">\n<td align=\"right\">4<\/td>\n<td align=\"right\">Essl.<\/td>\n<td>&nbsp;<\/td>\n<td>Honig<\/td>\n<\/tr>\n<tr style=\"height:1.9em; vertical-align:bottom;\">\n<td colspan=\"3\" style=\"color:#fff\">H<\/td>\n<td style=\"color:#000; font-size:100%; font-weight:bold\">AUSSERDEM<\/td>\n<\/tr>\n<tr valign=\"top\">\n<td>&nbsp;<\/td>\n<td>&nbsp;<\/td>\n<td>&nbsp;<\/td>\n<td>Fett f&uuml;r das Backblech<\/td>\n<\/tr>\n<tr valign=\"top\">\n<td align=\"right\">1<\/td>\n<td>&nbsp;<\/td>\n<td>&nbsp;<\/td>\n<td>Eigelb zum Bestreichen<\/td>\n<\/tr>\n<\/table>\n<h3 style=\"margin-top:0.8em; margin-bottom:0.2em; color:#8B4513; font-size:110%; font-weight:bold\">Quelle<\/h3>\n<table style=\"width:100%\" border=\"0\" cellspacing=\"0\" cellpadding=\"0\">\n<colgroup>\n<col width=\"100\"\/>\n<col \/><\/colgroup>\n<tr>\n<td>&nbsp;<\/td>\n<td>Genie&szlig;en wie in Ungarn<\/td>\n<\/tr>\n<tr>\n<td>&nbsp;<\/td>\n<td>Seite 290<\/td>\n<\/tr>\n<\/table>\n<table style=\"width:100%\" border=\"0\" cellspacing=\"0\" cellpadding=\"0\">\n<colgroup>\n<col width=\"160\"\/>\n<col \/><\/colgroup>\n<tr>\n<td>&nbsp;<\/td>\n<td>Erfasst *RK* 27.01.2020 von<\/td>\n<\/tr>\n<tr>\n<td>&nbsp;<\/td>\n<td>Katja Brenner<\/td>\n<\/tr>\n<\/table>\n<h3 style=\"margin-top:0.8em; margin-bottom:0.2em; color:#8B4513; font-size:110%; font-weight:bold\">Zubereitung<\/h3>\n<p>In der lauwarmen Milch den Zucker aufl&ouml;sen, die Hefe darin gehen lassen. Die &uuml;brigen Teigzutaten mit dem Hefevorteig vermengen und gr&uuml;ndlich durchkneten. Den Teig mit einem K&uuml;chentuch bedecken und etwa 30 min gehen lassen.<\/p>\n<p>F&uuml;r die Nu&szlig;f&uuml;llung die Milch mit dem Zucker und Vanillinzucker aufkochen. Die Zitronenschale, die Rosinen, den Zimt, die N&uuml;sse und den Honig zugeben.<\/p>\n<p>F&uuml;r die Mohnf&uuml;llung die Milch mit dem Puder- und Vanillinzucker verr&uuml;hren, aufkochen und den Mohn sowie die Rosinen hineingeben. Einige Minuten unter st&auml;ndigem R&uuml;hren kochen, dann vom Herd nehmen und die Zitronenschale sowie den Honig unterr&uuml;hren.<\/p>\n<p>Nun den Teig vierteln und jedes Teigst&uuml;ck zu einem etwa 30*35 cm gro&szlig;en Rechteck d&uuml;nn ausrollen. Die Teigplatten mit der Nuss- bzw. Mohnf&uuml;llung bestreichen und l&auml;nges zusammenrollen, dabei darauf achten, dass sie Rollen fest geraten. Ein Backblech ausfetten, je zwei Rollen mit der gleichen F&uuml;llung vorsichtig darauf legen und mit Eigelb bepinseln.<\/p>\n<p>Im vorgeheizten Backofen bei mittlerer Hitze goldbraun backen.<\/p>\n<p>Erst nach dem v&ouml;lligen Erkalten aus dem Backofen nehmen, sonst zerf&auml;llt der Kuchen beim Aufschneiden. Zugedeckt an einem k&uuml;hlen und trockenen Ort aufbewahrt, bleibt der Beigel lange frisch. Erst unmittelbar vor dem Anrichten aufschneiden, die Scheiben auf  einem Kuchenteller dachziegelartig anordnen und mit Puderzucker best&auml;uben.<\/p>\n<p>=====<\/p>\n<\/div>\n<p><strong>Die Rezepte meiner Mitreisenden:<\/strong><br \/>\n<strong>K\u00fcchenlatein:<\/strong> <a href=\"https:\/\/kuechenlatein.com\/petersilienwurzel-cremesuppe\/\" title=\"Petersilienwurzel-Cremesuppe\" rel=\"noopener noreferrer\" target=\"_blank\">Petersilienwurzel-Cremesuppe<\/a> * <strong>Susi von Turbohausfrau:<\/strong> <a href=\"https:\/\/www.turbohausfrau.at\/2020\/01\/kulinarische-weltreise-suppe-nach.html\" title=\"Suppe nach Paloczen-Art\" rel=\"noopener noreferrer\" target=\"_blank\">Suppe nach Paloczen-Art<\/a> *<br \/>\n<strong>Cornelia von SilverTravellers:<\/strong> <a href=\"https:\/\/www.silvertravellers.de\/poerkoelt-ungarisches-gulasch-mit-paprika\/\" title=\"P\u00f6rk\u00f6lt \u2013 Ungarisches Gulasch mit Paprika\" rel=\"noopener noreferrer\" target=\"_blank\">P\u00f6rk\u00f6lt \u2013 Ungarisches Gulasch mit Paprika<\/a> * <strong>Tina von K\u00fcchenmomente:<\/strong> <a href=\"https:\/\/www.kuechenmomente.de\/ungarische-langos\/\" title=\"Ungarische L\u00e1ngos\" rel=\"noopener noreferrer\" target=\"_blank\">Ungarische L\u00e1ngos<\/a> * <strong>Britta von Backmaedchen 1967:<\/strong> <a href=\"https:\/\/backmaedchen1967.de\/pogacsa-ungarisches-gebaeck\/\" title=\"\"Pog\u00e1csa ungarische Geb\u00e4ck\" rel=\"noopener\" target=\"_blank\">Pog\u00e1csa ungarisches Geb\u00e4ck<\/a> * <strong>Simone von zimtkringel:<\/strong> <a href=\"https:\/\/www.zimtkringel.org\/ungarischer-apfelkuchen\/\" title=\"Ungarischer Apfelkuchen Alm\u00e1s pite\" rel=\"noopener noreferrer\" target=\"_blank\">Ungarischer Apfelkuchen Alm\u00e1s pite<\/a> * <strong>Petra von Chili und Ciabatta:<\/strong> <a href=\"https:\/\/chili-und-ciabatta.de\/2020\/01\/ungarische-kastanientorte-gesztenyetorta\/\" title=\"Ungarische Kastanientorte \u2013 Gesztenyetorta\" rel=\"noopener noreferrer\" target=\"_blank\">Ungarische Kastanientorte \u2013 Gesztenyetorta<\/a> + <a href=\"https:\/\/chili-und-ciabatta.de\/2020\/01\/rinder-poerkoelt-nach-karoly-gundel-mit-tarhonya-und-gurkensalat\/\" title=\"Rinder-P\u00f6rk\u00f6lt nach K\u00e1roly Gundel mit Tarhonya und Gurkensalat\" rel=\"noopener noreferrer\" target=\"_blank\">Rinder-P\u00f6rk\u00f6lt nach K\u00e1roly Gundel mit Tarhonya und Gurkensalat<\/a> + <a href=\"https:\/\/chili-und-ciabatta.de\/2020\/01\/gefuellte-zwiebeln-nach-makoer-art\/\" title=\"Gef\u00fcllte Zwiebeln nach Mak\u00f3er Art\" rel=\"noopener noreferrer\" target=\"_blank\">Gef\u00fcllte Zwiebeln nach Mak\u00f3er Art<\/a> + <a href=\"https:\/\/chili-und-ciabatta.de\/2020\/01\/nachtschwaermer-suppe-korhelyleves\/\" title=\"Nachtschw\u00e4rmer-Suppe \u2013 Korhelyleves\" rel=\"noopener noreferrer\" target=\"_blank\">Nachtschw\u00e4rmer-Suppe \u2013 Korhelyleves<\/a> * <strong>Carina von Coffee2Stay:<\/strong> <a href=\"https:\/\/coffee2stay.wordpress.com\/2020\/01\/08\/scharfes-paprikahuhn-nach-ungarischem-vorbild\/\" bildtitle=\"Scharfes Paprikahuhn nach ungarischem Vorbild\" rel=\"noopener noreferrer\" target=\"_blank\">Scharfes Paprikahuhn nach ungarischem Vorbild<\/a> * <strong>Ronald von Fr\u00e4nkische Tapas:<\/strong> <a href=\"https:\/\/fraenkische-tapas.de\/ungarische-fischsuppe-mit-aischgruender-karpfen\/\" title=\"Ungarische Fischsuppe mit Aischgr\u00fcnder Karpfen\" rel=\"noopener noreferrer\" target=\"_blank\">Ungarische Fischsuppe mit Aischgr\u00fcnder Karpfen<\/a> * <strong>Susanne von magentratzerl:<\/strong> <a href=\"https:\/\/magentratzerl.de\/2020\/01\/11\/paprikas-krumpli\/\" title=\"Paprik\u00e1s krumpli\" rel=\"noopener noreferrer\" target=\"_blank\">Paprik\u00e1s krumpli<\/a> + <a href=\"https:\/\/magentratzerl.de\/2020\/01\/15\/houby-paprikas-ungarische-paprikapilze\/\" title=\"Houby Paprik\u00e1s - Ungarische Paprikapilze\" rel=\"noopener noreferrer\" target=\"_blank\">Ungarische Paprikapilze<\/a> * <strong>Wilma von Pane-Bistecca:<\/strong> <a href=\"http:\/\/pane-bistecca.com\/2020\/01\/11\/toltott-kaposzta-ungarische-kohlrouladen-cabbage-roulade-from-hungry\/\" title=\"T\u00f6lt\u00f6tt K\u00e1poszta \u2013 Ungarische Kohlrouladen \" rel=\"noopener noreferrer\" target=\"_blank\">T\u00f6lt\u00f6tt K\u00e1poszta \u2013 Ungarische Kohlrouladen <\/a> * <strong>Britta von Brittas Kochbuch:<\/strong> <a href=\"https:\/\/brittas-kochbuch.info\/?p=16937\" title=\"Sz\u00e9kelyguly\u00e1s\" rel=\"noopener noreferrer\" target=\"_blank\">Sz\u00e9kelyguly\u00e1s aka Szegediner Gulasch<\/a> + <a href=\"https:\/\/brittas-kochbuch.info\/?p=16951\" title=\"L\u00e1ngos\" rel=\"noopener noreferrer\" target=\"_blank\">L\u00e1ngos aus der Hei\u00dfluftfritteuse<\/a> + <a href=\"https:\/\/brittas-kochbuch.info\/?p=17006\" title=\"Letscho\" rel=\"noopener noreferrer\" target=\"_blank\">Lesc\u00f3\/Letscho<\/a> * <strong>Gabi von slowcooker.de:<\/strong> <a href=\"https:\/\/slowcooker.de\/2020\/kulinarische-weltreise-ungarn-mohnbuchteln-makos-bukta\" title=\"Ungarische Mohnbuchteln mit Vanillesauce - Makos Bukta\" rel=\"noopener noreferrer\" target=\"_blank\">Ungarische Mohnbuchteln mit Vanillesauce<\/a> * <strong>Conny von Mein wunderbares Chaos:<\/strong> <a href=\"https:\/\/meinwunderbareschaos.de\/ungarische-gundel-palatschinken\" title=\"Ungarische Gundel-Palatschinken\" rel=\"noopener noreferrer\" target=\"_blank\">Ungarische Gundel-Palatschinken<\/a> + <a href=\"https:\/\/meinwunderbareschaos.de\/langos-ganz-einfach-selber-machen\" title=\"L\u00e1ngos ganz einfach selber machen\" rel=\"noopener noreferrer\" target=\"_blank\">L\u00e1ngos ganz einfach selber machen<\/a> + <a href=\"https:\/\/meinwunderbareschaos.de\/somlauer-nockerl-im-glas\" title=\"Somlauer Nockerl im Glas\" rel=\"noopener noreferrer\" target=\"_blank\">Somlauer Nockerl im Glas<\/a> * <strong>Sylvia von Brotwein:<\/strong> <a href=\"https:\/\/brotwein.net\/szegediner-gulasch-ungarisches-sauerkraut-gulasch-4041\" title=\"Szegediner Gulasch \u2013 Ungarisches Sauerkraut Gulasch\" rel=\"noopener noreferrer\" target=\"_blank\">Szegediner Gulasch \u2013 Ungarisches Sauerkraut Gulasch<\/a> + <a href=\"https:\/\/brotwein.net\/ungarische-gulaschsuppe-rezept-4049\" title=\"Ungarische Gulaschsuppe Rezept\" rel=\"noopener noreferrer\" target=\"_blank\">Ungarische Gulaschsuppe Rezept<\/a> * <strong>Anik\u00f3 von Paprika meets Kardamom:<\/strong> <a href=\"https:\/\/paprikameetskardamom.wordpress.com\/2020\/01\/21\/hausgemachte-ungarische-kolbasz-paprikawurst\/\" title=\"Hausgemachte ungarische Kolbasz (Paprikawurst)\" rel=\"noopener noreferrer\" target=\"_blank\">Hausgemachte ungarische Kolbasz (Paprikawurst)<\/a> + <a href=\"https:\/\/paprikameetskardamom.wordpress.com\/2020\/01\/24\/dodolle\/\" title=\"Unbekannte ungarische K\u00f6stlichkeiten: D\u00f6d\u00f6lle - Schupfnudeln mal anders\" rel=\"noopener noreferrer\" target=\"_blank\">Unbekannte ungarische K\u00f6stlichkeiten: D\u00f6d\u00f6lle &#8211; Schupfnudeln mal anders<\/a> * <strong>Volker von volkermampft:<\/strong> <a href=\"https:\/\/volkermampft.de\/ungarisches-schweinegulasch-mit-paprika-sertes-poerkoelt\/\" title=\"Ungarisches Schweinegulasch mit Paprika \u2013 Sertes P\u00f6rk\u00f6lt\" rel=\"noopener noreferrer\" target=\"_blank\">Ungarisches Schweinegulasch mit Paprika \u2013 Sertes P\u00f6rk\u00f6lt<\/a> * <strong>Andrea von our food creations:<\/strong> <a href=\"https:\/\/ourfoodcreations.blogspot.com\/2020\/01\/kulinarische-weltreise-ungarn-toltott.html\" title=\"T\u00f6ltett Paprika - Gef\u00fcllte Paprika\" rel=\"noopener noreferrer\" target=\"_blank\">T\u00f6ltett Paprika &#8211; Gef\u00fcllte Paprika<\/a> + <a href=\"https:\/\/ourfoodcreations.blogspot.com\/2020\/01\/kulinarische-weltreise-ungarn-turos.html\" title=\"T\u00far\u00f3s Csusza - Quarknudeln\" rel=\"noopener noreferrer\" target=\"_blank\">T\u00far\u00f3s Csusza &#8211; Quarknudeln<\/a> * <strong>Nadine von M\u00f6hreneck:<\/strong> <a href=\"https:\/\/www.moehreneck.de\/2020\/01\/23\/szegediner-gulasch\/\" title=\"Veganes Szegediner Gulasch\" rel=\"noopener noreferrer\" target=\"_blank\">Veganes Szegediner Gulasch<\/a> <\/p>\n","protected":false},"excerpt":{"rendered":"<p>Diesen Monat f\u00fchrt uns die kulinarische Weltreise &#8211; unter der Leitung von Volker &#8211; nach Ungarn. Vor vielen Jahren &#8211; als sich Firmen das noch geleistet haben &#8211; fand die Jahrestagung meines damaligen Arbeitgebers in Budapest statt. Allerdings waren wir die meiste Zeit mit Tagungen im Hotel besch\u00e4ftigt und waren nur zu einer Stadtrundfahrt und &hellip; <\/p>\n<p class=\"link-more\"><a href=\"https:\/\/www.fambrenner.de\/Kaffeebohne\/wordpress\/2020\/01\/29\/kulinarische-weltreise-ungarn-beigel-dios-es-makos-beigli\/\" class=\"more-link\"><span class=\"screen-reader-text\">\u201eKulinarische Weltreise Ungarn- Beigel &#8211; Di\u00f3s \u00e9s m\u00e1kos beigli\u201c<\/span> weiterlesen<\/a><\/p>\n","protected":false},"author":1,"featured_media":0,"comment_status":"open","ping_status":"open","sticky":false,"template":"","format":"standard","meta":{"_jetpack_memberships_contains_paid_content":false,"footnotes":""},"categories":[14,6],"tags":[436,126,482,192,81,265],"jetpack_sharing_enabled":true,"jetpack_featured_media_url":"","_links":{"self":[{"href":"https:\/\/www.fambrenner.de\/Kaffeebohne\/wordpress\/wp-json\/wp\/v2\/posts\/10024"}],"collection":[{"href":"https:\/\/www.fambrenner.de\/Kaffeebohne\/wordpress\/wp-json\/wp\/v2\/posts"}],"about":[{"href":"https:\/\/www.fambrenner.de\/Kaffeebohne\/wordpress\/wp-json\/wp\/v2\/types\/post"}],"author":[{"embeddable":true,"href":"https:\/\/www.fambrenner.de\/Kaffeebohne\/wordpress\/wp-json\/wp\/v2\/users\/1"}],"replies":[{"embeddable":true,"href":"https:\/\/www.fambrenner.de\/Kaffeebohne\/wordpress\/wp-json\/wp\/v2\/comments?post=10024"}],"version-history":[{"count":33,"href":"https:\/\/www.fambrenner.de\/Kaffeebohne\/wordpress\/wp-json\/wp\/v2\/posts\/10024\/revisions"}],"predecessor-version":[{"id":10057,"href":"https:\/\/www.fambrenner.de\/Kaffeebohne\/wordpress\/wp-json\/wp\/v2\/posts\/10024\/revisions\/10057"}],"wp:attachment":[{"href":"https:\/\/www.fambrenner.de\/Kaffeebohne\/wordpress\/wp-json\/wp\/v2\/media?parent=10024"}],"wp:term":[{"taxonomy":"category","embeddable":true,"href":"https:\/\/www.fambrenner.de\/Kaffeebohne\/wordpress\/wp-json\/wp\/v2\/categories?post=10024"},{"taxonomy":"post_tag","embeddable":true,"href":"https:\/\/www.fambrenner.de\/Kaffeebohne\/wordpress\/wp-json\/wp\/v2\/tags?post=10024"}],"curies":[{"name":"wp","href":"https:\/\/api.w.org\/{rel}","templated":true}]}}